{"id":104300,"date":"2018-05-04T15:51:12","date_gmt":"2018-05-04T15:51:12","guid":{"rendered":"http:\/\/www.agencia.ecclesia.pt\/portal\/?p=104300"},"modified":"2021-02-24T19:17:35","modified_gmt":"2021-02-24T19:17:35","slug":"ano-b-06o-domingo-da-pascoa-3","status":"publish","type":"post","link":"http:\/\/sites.ecclesia.pt\/liturgia\/ano-b-06o-domingo-da-pascoa-3\/","title":{"rendered":"Ano B &#8211; 06.\u00ba Domingo da P\u00e1scoa &#8211; Programa Ecclesia"},"content":{"rendered":"<p><iframe loading=\"lazy\" title=\"Entrevista. Coment\u00e1rio \u00e0 liturgia do domingo com frei Jos\u00e9 Nunes\" width=\"1080\" height=\"608\" src=\"https:\/\/www.youtube.com\/embed\/ZinFJUWoDgw?feature=oembed\"  allow=\"accelerometer; autoplay; clipboard-write; encrypted-media; gyroscope; picture-in-picture\" allowfullscreen><\/iframe><\/p>\n<p>Programa Ecclesia do dia 04 de maio de 2018<\/p>\n","protected":false},"excerpt":{"rendered":"<p>Programa Ecclesia do dia 04 de maio de 2018<\/p>\n","protected":false},"author":1,"featured_media":162836,"comment_status":"closed","ping_status":"open","sticky":false,"template":"","format":"standard","meta":{"_et_pb_use_builder":"","_et_pb_old_content":"","_et_gb_content_width":"","footnotes":""},"categories":[109],"tags":[104],"class_list":["post-104300","post","type-post","status-publish","format-standard","has-post-thumbnail","hentry","category-b-pascoa","tag-programa-ecclesia"],"_links":{"self":[{"href":"http:\/\/sites.ecclesia.pt\/liturgia\/wp-json\/wp\/v2\/posts\/104300","targetHints":{"allow":["GET"]}}],"collection":[{"href":"http:\/\/sites.ecclesia.pt\/liturgia\/wp-json\/wp\/v2\/posts"}],"about":[{"href":"http:\/\/sites.ecclesia.pt\/liturgia\/wp-json\/wp\/v2\/types\/post"}],"author":[{"embeddable":true,"href":"http:\/\/sites.ecclesia.pt\/liturgia\/wp-json\/wp\/v2\/users\/1"}],"replies":[{"embeddable":true,"href":"http:\/\/sites.ecclesia.pt\/liturgia\/wp-json\/wp\/v2\/comments?post=104300"}],"version-history":[{"count":4,"href":"http:\/\/sites.ecclesia.pt\/liturgia\/wp-json\/wp\/v2\/posts\/104300\/revisions"}],"predecessor-version":[{"id":199650,"href":"http:\/\/sites.ecclesia.pt\/liturgia\/wp-json\/wp\/v2\/posts\/104300\/revisions\/199650"}],"wp:featuredmedia":[{"embeddable":true,"href":"http:\/\/sites.ecclesia.pt\/liturgia\/wp-json\/wp\/v2\/media\/162836"}],"wp:attachment":[{"href":"http:\/\/sites.ecclesia.pt\/liturgia\/wp-json\/wp\/v2\/media?parent=104300"}],"wp:term":[{"taxonomy":"category","embeddable":true,"href":"http:\/\/sites.ecclesia.pt\/liturgia\/wp-json\/wp\/v2\/categories?post=104300"},{"taxonomy":"post_tag","embeddable":true,"href":"http:\/\/sites.ecclesia.pt\/liturgia\/wp-json\/wp\/v2\/tags?post=104300"}],"curies":[{"name":"wp","href":"https:\/\/api.w.org\/{rel}","templated":true}]}}