{"id":104889,"date":"2018-05-11T15:45:21","date_gmt":"2018-05-11T15:45:21","guid":{"rendered":"http:\/\/www.agencia.ecclesia.pt\/portal\/?p=104889"},"modified":"2021-02-24T19:17:29","modified_gmt":"2021-02-24T19:17:29","slug":"ano-b-06o-domingo-da-pascoa","status":"publish","type":"post","link":"http:\/\/sites.ecclesia.pt\/liturgia\/ano-b-06o-domingo-da-pascoa\/","title":{"rendered":"Ano B &#8211; 06.\u00ba Domingo da P\u00e1scoa &#8211; Programa Ecclesia"},"content":{"rendered":"<p><iframe loading=\"lazy\" title=\"Entrevista. Coment\u00e1rio \u00e0 liturgia do domingo com frei Jos\u00e9 Nunes e padre Jos\u00e9 Carlos Nunes\" width=\"1080\" height=\"608\" src=\"https:\/\/www.youtube.com\/embed\/K2YkvYnOUWw?feature=oembed\"  allow=\"accelerometer; autoplay; clipboard-write; encrypted-media; gyroscope; picture-in-picture\" allowfullscreen><\/iframe><\/p>\n<p>Programa Ecclesia do dia 11 de maio de 2018<\/p>\n","protected":false},"excerpt":{"rendered":"<p>Programa Ecclesia do dia 11 de maio de 2018<\/p>\n","protected":false},"author":1,"featured_media":162834,"comment_status":"closed","ping_status":"open","sticky":false,"template":"","format":"standard","meta":{"_et_pb_use_builder":"","_et_pb_old_content":"","_et_gb_content_width":"","footnotes":""},"categories":[109],"tags":[104],"class_list":["post-104889","post","type-post","status-publish","format-standard","has-post-thumbnail","hentry","category-b-pascoa","tag-programa-ecclesia"],"_links":{"self":[{"href":"http:\/\/sites.ecclesia.pt\/liturgia\/wp-json\/wp\/v2\/posts\/104889","targetHints":{"allow":["GET"]}}],"collection":[{"href":"http:\/\/sites.ecclesia.pt\/liturgia\/wp-json\/wp\/v2\/posts"}],"about":[{"href":"http:\/\/sites.ecclesia.pt\/liturgia\/wp-json\/wp\/v2\/types\/post"}],"author":[{"embeddable":true,"href":"http:\/\/sites.ecclesia.pt\/liturgia\/wp-json\/wp\/v2\/users\/1"}],"replies":[{"embeddable":true,"href":"http:\/\/sites.ecclesia.pt\/liturgia\/wp-json\/wp\/v2\/comments?post=104889"}],"version-history":[{"count":4,"href":"http:\/\/sites.ecclesia.pt\/liturgia\/wp-json\/wp\/v2\/posts\/104889\/revisions"}],"predecessor-version":[{"id":199649,"href":"http:\/\/sites.ecclesia.pt\/liturgia\/wp-json\/wp\/v2\/posts\/104889\/revisions\/199649"}],"wp:featuredmedia":[{"embeddable":true,"href":"http:\/\/sites.ecclesia.pt\/liturgia\/wp-json\/wp\/v2\/media\/162834"}],"wp:attachment":[{"href":"http:\/\/sites.ecclesia.pt\/liturgia\/wp-json\/wp\/v2\/media?parent=104889"}],"wp:term":[{"taxonomy":"category","embeddable":true,"href":"http:\/\/sites.ecclesia.pt\/liturgia\/wp-json\/wp\/v2\/categories?post=104889"},{"taxonomy":"post_tag","embeddable":true,"href":"http:\/\/sites.ecclesia.pt\/liturgia\/wp-json\/wp\/v2\/tags?post=104889"}],"curies":[{"name":"wp","href":"https:\/\/api.w.org\/{rel}","templated":true}]}}