{"id":104989,"date":"2018-05-12T11:00:44","date_gmt":"2018-05-12T11:00:44","guid":{"rendered":"http:\/\/www.agencia.ecclesia.pt\/portal\/?p=104989"},"modified":"2020-03-12T17:40:28","modified_gmt":"2020-03-12T17:40:28","slug":"ano-b-solenidade-da-ascensao-do-senhor-dehonianos","status":"publish","type":"post","link":"http:\/\/sites.ecclesia.pt\/liturgia\/ano-b-solenidade-da-ascensao-do-senhor-dehonianos\/","title":{"rendered":"Ano B &#8211; Solenidade da Ascens\u00e3o do Senhor &#8211; Dehonianos"},"content":{"rendered":"<p><iframe loading=\"lazy\" width=\"1080\" height=\"608\" src=\"https:\/\/www.youtube.com\/embed\/yw9KLtz3du0?feature=oembed\" frameborder=\"0\" allow=\"autoplay; encrypted-media\" allowfullscreen><\/iframe><\/p>\n<p><em>Olhar para o c\u00e9u, partir em miss\u00e3o<\/em><!--more--><\/p>\n<p>A Solenidade da Ascens\u00e3o do Senhor Jesus, que hoje celebramos, sugere que, no final do caminho percorrido no amor e na doa\u00e7\u00e3o, est\u00e1 a vida definitiva, a comunh\u00e3o com Deus. Os disc\u00edpulos e seguidores de Jesus s\u00e3o chamados a concretizar o seu testemunho hoje.<\/p>\n<p>Na primeira leitura dos Atos dos Ap\u00f3stolos, repete-se a mensagem essencial desta festa: Jesus, depois de ter apresentado ao mundo o projeto de salva\u00e7\u00e3o do Pai, entrou na vida definitiva de comunh\u00e3o com Ele. Os disc\u00edpulos mission\u00e1rios n\u00e3o podem ficar a olhar para o c\u00e9u numa passividade alienante; t\u00eam de ir para o meio das pessoas, continuar o projeto de Jesus. Uma \u00abIgreja em sa\u00edda e em permanente miss\u00e3o\u00bb, no dizer do Papa Francisco.<\/p>\n<p>A segunda leitura convida os disc\u00edpulos a terem consci\u00eancia dessa esperan\u00e7a de vida plena em comunh\u00e3o com Deus. Devem caminhar ao encontro dessa esperan\u00e7a de m\u00e3os dadas com os irm\u00e3os, membros do mesmo corpo, e em comunh\u00e3o com Cristo, a cabe\u00e7a desse corpo.<\/p>\n<p>\u00abIde por todo o mundo e pregai o Evangelho a toda a criatura&#8230; Eles partiram a pregar por toda a parte&#8230;\u00bb S\u00e3o palavras de Jesus ressuscitado no Evangelho, quando aparece aos disc\u00edpulos e os envia em miss\u00e3o como testemunhas do projeto de salva\u00e7\u00e3o de Deus.<\/p>\n<p>E n\u00f3s hoje, que fazemos?<\/p>\n<p>\u00c9 um grande desafio testemunhar no nosso mundo os valores do Reino, esses valores que, muitas vezes, est\u00e3o em contradi\u00e7\u00e3o com aquilo que o mundo defende e n\u00e3o considera estes valores como prioridades da vida.<\/p>\n<p>Com frequ\u00eancia, os disc\u00edpulos de Jesus s\u00e3o objeto de desprezo e indiferen\u00e7a, de persegui\u00e7\u00e3o e morte, porque insistem em testemunhar que a felicidade est\u00e1 no perd\u00e3o e no amor, no servi\u00e7o e no dom da vida.<\/p>\n<p>O confronto com o mundo muitas vezes gera nos disc\u00edpulos desilus\u00e3o, sofrimento, frustra\u00e7\u00e3o. Nesses momentos sabe bem recordar as palavras de Jesus: \u201cEu estarei convosco at\u00e9 ao fim dos tempos\u201d. Esta certeza deve alimentar a coragem com que testemunhamos aquilo em que acreditamos.<\/p>\n<p>Olhar para o c\u00e9u implica estarmos atentos aos problemas e \u00e0s ang\u00fastias dos homens e mulheres do nosso tempo, sentirmo-nos questionados pelos sofrimentos e sonhos, inquieta\u00e7\u00f5es e mis\u00e9rias, esperan\u00e7as e alegrias que enchem o cora\u00e7\u00e3o dos que nos rodeiam, sentirmo-nos solid\u00e1rios com todos, particularmente com aqueles que sofrem. \u00c9 isso que a Ascens\u00e3o nos pede hoje e nesta semana: olhar para o c\u00e9u e partir em miss\u00e3o, levando o Senhor no cora\u00e7\u00e3o.<\/p>\n<p>E neste Dia Mundial dos Meios de Comunica\u00e7\u00e3o Social, procuremos sintonizar com o convite do Papa Francisco a procurar sempre a verdade nos acontecimentos da vida, lutando contra as not\u00edcias falsas que desvirtuam o sentido da miss\u00e3o e do an\u00fancio dos valores do Evangelho.<\/p>\n<p><em>Manuel Barbosa, scj<\/em><br \/>\n<em>www.dehonianos.pt<\/em><\/p>\n","protected":false},"excerpt":{"rendered":"<p>Olhar para o c\u00e9u, partir em miss\u00e3o<\/p>\n","protected":false},"author":1,"featured_media":162832,"comment_status":"closed","ping_status":"open","sticky":false,"template":"","format":"standard","meta":{"_et_pb_use_builder":"","_et_pb_old_content":"","_et_gb_content_width":"","footnotes":""},"categories":[110],"tags":[107],"class_list":["post-104989","post","type-post","status-publish","format-standard","has-post-thumbnail","hentry","category-b-solenidades-e-festas","tag-dehonianos"],"_links":{"self":[{"href":"http:\/\/sites.ecclesia.pt\/liturgia\/wp-json\/wp\/v2\/posts\/104989","targetHints":{"allow":["GET"]}}],"collection":[{"href":"http:\/\/sites.ecclesia.pt\/liturgia\/wp-json\/wp\/v2\/posts"}],"about":[{"href":"http:\/\/sites.ecclesia.pt\/liturgia\/wp-json\/wp\/v2\/types\/post"}],"author":[{"embeddable":true,"href":"http:\/\/sites.ecclesia.pt\/liturgia\/wp-json\/wp\/v2\/users\/1"}],"replies":[{"embeddable":true,"href":"http:\/\/sites.ecclesia.pt\/liturgia\/wp-json\/wp\/v2\/comments?post=104989"}],"version-history":[{"count":1,"href":"http:\/\/sites.ecclesia.pt\/liturgia\/wp-json\/wp\/v2\/posts\/104989\/revisions"}],"predecessor-version":[{"id":164158,"href":"http:\/\/sites.ecclesia.pt\/liturgia\/wp-json\/wp\/v2\/posts\/104989\/revisions\/164158"}],"wp:featuredmedia":[{"embeddable":true,"href":"http:\/\/sites.ecclesia.pt\/liturgia\/wp-json\/wp\/v2\/media\/162832"}],"wp:attachment":[{"href":"http:\/\/sites.ecclesia.pt\/liturgia\/wp-json\/wp\/v2\/media?parent=104989"}],"wp:term":[{"taxonomy":"category","embeddable":true,"href":"http:\/\/sites.ecclesia.pt\/liturgia\/wp-json\/wp\/v2\/categories?post=104989"},{"taxonomy":"post_tag","embeddable":true,"href":"http:\/\/sites.ecclesia.pt\/liturgia\/wp-json\/wp\/v2\/tags?post=104989"}],"curies":[{"name":"wp","href":"https:\/\/api.w.org\/{rel}","templated":true}]}}