{"id":106897,"date":"2018-06-02T08:00:41","date_gmt":"2018-06-02T08:00:41","guid":{"rendered":"http:\/\/www.agencia.ecclesia.pt\/portal\/?p=106897"},"modified":"2021-02-24T19:22:14","modified_gmt":"2021-02-24T19:22:14","slug":"ano-b-09o-domingo-do-tempo-comum-dehonianos","status":"publish","type":"post","link":"http:\/\/sites.ecclesia.pt\/liturgia\/ano-b-09o-domingo-do-tempo-comum-dehonianos\/","title":{"rendered":"Ano B &#8211; 09.\u00ba Domingo do Tempo Comum &#8211; Dehonianos"},"content":{"rendered":"<p><iframe loading=\"lazy\" title=\"Ano B - 9.\u00ba Domingo do tempo comum\" width=\"1080\" height=\"608\" src=\"https:\/\/www.youtube.com\/embed\/7Kkj_Rqq7t4?feature=oembed\"  allow=\"accelerometer; autoplay; clipboard-write; encrypted-media; gyroscope; picture-in-picture\" allowfullscreen><\/iframe><\/p>\n<p>Celebrar o Dia do Senhor<!--more--><\/p>\n<p>A liturgia do 9.\u00ba Domingo do Tempo Comum convida-nos a refletir sobre a celebra\u00e7\u00e3o do Dia do Senhor, s\u00e1bado para os judeus, domingo para os crist\u00e3os, fazendo mem\u00f3ria da a\u00e7\u00e3o criadora e redentora de Deus para com o seu Povo.<\/p>\n<p>A primeira leitura recorda-nos o preceito do terceiro mandamento, de guardar o s\u00e1bado para o santificar, e sugere que seja um dia que exprime a unidade do Povo que celebra a a\u00e7\u00e3o libertadora de Deus, sem qualquer tipo de desigualdades.<\/p>\n<p>O Evangelho mostra que, quando se faz uma interpreta\u00e7\u00e3o demasiado rigorista dos preceitos da Lei, ela deixa de cumprir a sua miss\u00e3o de estar ao servi\u00e7o do homem de cada tempo. Jesus convida-nos, por isso, a posicionarmo-nos ao servi\u00e7o dos necessitados, tendo em conta que o Dia do Senhor foi feito para o homem e n\u00e3o para fazer do homem um escravo. \u00c9 um convite a vivermos n\u00e3o do preceito, mas da Lei que assumimos no nosso cora\u00e7\u00e3o.<\/p>\n<p>Jesus ensina-nos a colocarmo-nos diante da Lei de Deus que nos chegou por Mois\u00e9s, sem perder nunca de vista o seu objetivo de regular a nossa vida em sociedade e em Igreja, protegendo os mais fr\u00e1geis e evitando toda e qualquer opress\u00e3o por parte de quem exerce o poder. Na perspetiva de Jesus, as necessidades do ser humano s\u00e3o o verdadeiro crit\u00e9rio para manter uma atitude livre diante da Lei.<\/p>\n<p>Jesus n\u00e3o coloca em causa a celebra\u00e7\u00e3o do culto no dia de s\u00e1bado, mas reposiciona-o de modo a que possa coabitar com o servi\u00e7o dos necessitados, na pessoa dos disc\u00edpulos com fome e de uma pessoa com uma m\u00e3o atrofiada.<\/p>\n<p>A celebra\u00e7\u00e3o do Dia do Senhor, ao domingo, pode ser cada vez mais express\u00e3o desta dupla faceta do s\u00e1bado reinterpretado com Jesus que em dia de s\u00e1bado entra na sinagoga, lugar onde se realiza um culto que n\u00e3o pactua com a necessidade de quem sofre. A nossa vida de Cristo tem extrema import\u00e2ncia no dia maior a Ele consagrado, o domingo, n\u00e3o perder de vista aqueles que foram os seus prediletos.<\/p>\n<p>Esta interpreta\u00e7\u00e3o de Jesus para saber o que se pode fazer ou n\u00e3o ao domingo pode ser transposta para outros campos da nossa vida, como estar ao servi\u00e7o do bem e da salva\u00e7\u00e3o da vida humana, em linha com o desejo de Deus, tal como se manifesta na vida e mensagem de Jesus; a par disso, sabemos que as institui\u00e7\u00f5es, sejam elas religiosas ou civis, devem estar ao servi\u00e7o da vida humana, para que possam realizar a miss\u00e3o para a qual nasceram.<\/p>\n<p>Participemos com alegria na celebra\u00e7\u00e3o dominical, alimentemo-nos do P\u00e3o eucar\u00edstico, experimentemos a comunh\u00e3o dos irm\u00e3os e irm\u00e3s em Cristo e levemos essa alegria para os encontros com o pr\u00f3ximo ao longo dos caminhos que vamos percorrer ao longo desta semana, marcada pela Solenidade do Sagrado Cora\u00e7\u00e3o de Jesus, que \u00e9 tamb\u00e9m o Dia Mundial de Ora\u00e7\u00e3o pela Santifica\u00e7\u00e3o dos Sacerdotes.<\/p>\n<p><em>Manuel Barbosa, scj<\/em><br \/>\n<em><a href=\"http:\/\/www.dehonianos.org\">www.dehonianos.org<\/a><\/em><\/p>\n<p>&nbsp;<\/p>\n","protected":false},"excerpt":{"rendered":"<p>Celebrar o Dia do Senhor<\/p>\n","protected":false},"author":1,"featured_media":162825,"comment_status":"closed","ping_status":"open","sticky":false,"template":"","format":"standard","meta":{"_et_pb_use_builder":"","_et_pb_old_content":"","_et_gb_content_width":"","footnotes":""},"categories":[106],"tags":[107],"class_list":["post-106897","post","type-post","status-publish","format-standard","has-post-thumbnail","hentry","category-b-tempo-comum","tag-dehonianos"],"_links":{"self":[{"href":"http:\/\/sites.ecclesia.pt\/liturgia\/wp-json\/wp\/v2\/posts\/106897","targetHints":{"allow":["GET"]}}],"collection":[{"href":"http:\/\/sites.ecclesia.pt\/liturgia\/wp-json\/wp\/v2\/posts"}],"about":[{"href":"http:\/\/sites.ecclesia.pt\/liturgia\/wp-json\/wp\/v2\/types\/post"}],"author":[{"embeddable":true,"href":"http:\/\/sites.ecclesia.pt\/liturgia\/wp-json\/wp\/v2\/users\/1"}],"replies":[{"embeddable":true,"href":"http:\/\/sites.ecclesia.pt\/liturgia\/wp-json\/wp\/v2\/comments?post=106897"}],"version-history":[{"count":2,"href":"http:\/\/sites.ecclesia.pt\/liturgia\/wp-json\/wp\/v2\/posts\/106897\/revisions"}],"predecessor-version":[{"id":164155,"href":"http:\/\/sites.ecclesia.pt\/liturgia\/wp-json\/wp\/v2\/posts\/106897\/revisions\/164155"}],"wp:featuredmedia":[{"embeddable":true,"href":"http:\/\/sites.ecclesia.pt\/liturgia\/wp-json\/wp\/v2\/media\/162825"}],"wp:attachment":[{"href":"http:\/\/sites.ecclesia.pt\/liturgia\/wp-json\/wp\/v2\/media?parent=106897"}],"wp:term":[{"taxonomy":"category","embeddable":true,"href":"http:\/\/sites.ecclesia.pt\/liturgia\/wp-json\/wp\/v2\/categories?post=106897"},{"taxonomy":"post_tag","embeddable":true,"href":"http:\/\/sites.ecclesia.pt\/liturgia\/wp-json\/wp\/v2\/tags?post=106897"}],"curies":[{"name":"wp","href":"https:\/\/api.w.org\/{rel}","templated":true}]}}