{"id":107937,"date":"2018-06-16T12:00:43","date_gmt":"2018-06-16T12:00:43","guid":{"rendered":"http:\/\/www.agencia.ecclesia.pt\/portal\/?p=107937"},"modified":"2021-02-24T19:21:36","modified_gmt":"2021-02-24T19:21:36","slug":"ano-b-11o-domingo-do-tempo-comum-dehonianos","status":"publish","type":"post","link":"http:\/\/sites.ecclesia.pt\/liturgia\/ano-b-11o-domingo-do-tempo-comum-dehonianos\/","title":{"rendered":"Ano B &#8211; 11.\u00ba Domingo do Tempo Comum &#8211; Dehonianos"},"content":{"rendered":"<p><iframe loading=\"lazy\" title=\"Ano B - 11.\u00ba Domingo do Tempo Comum\" width=\"1080\" height=\"608\" src=\"https:\/\/www.youtube.com\/embed\/ibKsw5AJXak?feature=oembed\"  allow=\"accelerometer; autoplay; clipboard-write; encrypted-media; gyroscope; picture-in-picture\" allowfullscreen><\/iframe><\/p>\n<p><em>Fazer crescer a semente do Reino<\/em><!--more--><\/p>\n<p>Deus, fiel ao seu plano de salva\u00e7\u00e3o, continua, hoje como sempre, a conduzir a hist\u00f3ria humana para uma meta de vida plena e de felicidade sem fim, e convida-nos a olhar para a vida e para o mundo com confian\u00e7a e esperan\u00e7a. \u00c9 a mensagem principal da liturgia deste 11.\u00ba domingo do Tempo Comum.<\/p>\n<p>Na primeira leitura, o profeta Ezequiel assegura ao Povo de Deus que deve continuar a confiar em Deus que \u00e9 fiel \u00e0 sua Alian\u00e7a e nunca desiste de oferecer ao seu Povo um futuro de tranquilidade, de justi\u00e7a e de paz sem fim.<\/p>\n<p>Na segunda leitura, S\u00e3o Paulo recorda-nos que a vida nesta terra, finita e passageira, deve ser vivida com confian\u00e7a, como uma peregrina\u00e7\u00e3o ao encontro de Deus, da vida definitiva.<\/p>\n<p>O Evangelho apresenta uma catequese sobre o Reino de Deus, atrav\u00e9s das par\u00e1bolas da semente que, lan\u00e7ada por Jesus, far\u00e1 com que a realidade velha v\u00e1 dando lugar ao novo c\u00e9u e \u00e0 nova terra que Deus quer oferecer a todos.<\/p>\n<p>A primeira par\u00e1bola \u00e9 a do gr\u00e3o que germina e cresce por si s\u00f3. A par\u00e1bola refere a interven\u00e7\u00e3o do agricultor apenas no ato de semear e no ato de ceifar. N\u00e3o faz qualquer men\u00e7\u00e3o \u00e0s demais a\u00e7\u00f5es do agricultor: arar a terra, regar a semente, tirar as ervas que a impedem de crescer. A quest\u00e3o essencial n\u00e3o \u00e9 o que o agricultor faz, mas o dinamismo vital da semente. O resultado final n\u00e3o depende dos esfor\u00e7os e da habilidade do homem, mas sim do dinamismo da semente que foi lan\u00e7ada \u00e0 terra. \u00c9 Deus que dirige a marcha da hist\u00f3ria e que far\u00e1 com que o Reino aconte\u00e7a, de acordo com o seu tempo e o seu projeto. A par\u00e1bola convida \u00e0 serenidade e \u00e0 confian\u00e7a em Deus que n\u00e3o deixar\u00e1 de realizar, a seu tempo e de acordo com a sua l\u00f3gica, o seu plano para os homens e para o mundo.<\/p>\n<p>A segunda par\u00e1bola \u00e9 a do gr\u00e3o de mostarda. O narrador pretende, fundamentalmente, p\u00f4r em relevo o contraste entre a pequenez da semente e a grandeza da \u00e1rvore. A compara\u00e7\u00e3o serve para dizer que a semente do Reino lan\u00e7ada pelo an\u00fancio de Jesus pode parecer uma realidade pequena e insignificante, mas est\u00e1 destinada a atingir todos os cantos do mundo, encarnando em cada pessoa, em cada povo, em cada sociedade, em cada cultura. A par\u00e1bola \u00e9 um convite \u00e0 esperan\u00e7a, \u00e0 confian\u00e7a e \u00e0 paci\u00eancia. O dinamismo de Deus que atua na hist\u00f3ria e oferece aos homens caminhos de salva\u00e7\u00e3o e de vida plena est\u00e1 bem presente nos factos aparentemente irrelevantes, na simplicidade e normalidade de cada dia, na insignific\u00e2ncia dos meios.<\/p>\n<p>Ao longo desta semana, procuremos contribuir para que a semente do Reino lan\u00e7ada por Deus no nosso cora\u00e7\u00e3o cres\u00e7a e d\u00ea frutos. Sempre para o louvor do Senhor, como rez\u00e1mos no salmo responsorial.<\/p>\n<p><em>Manuel Barbosa, scj<\/em><br \/>\n<em>mjgbarbosa@gmail.com<\/em><br \/>\n<a href=\"http:\/\/www.dehonianos.org\"><em>www.dehonianos.org<\/em><\/a><\/p>\n","protected":false},"excerpt":{"rendered":"<p>Fazer crescer a semente do Reino<\/p>\n","protected":false},"author":1,"featured_media":162819,"comment_status":"closed","ping_status":"open","sticky":false,"template":"","format":"standard","meta":{"_et_pb_use_builder":"","_et_pb_old_content":"","_et_gb_content_width":"","footnotes":""},"categories":[106],"tags":[107],"class_list":["post-107937","post","type-post","status-publish","format-standard","has-post-thumbnail","hentry","category-b-tempo-comum","tag-dehonianos"],"_links":{"self":[{"href":"http:\/\/sites.ecclesia.pt\/liturgia\/wp-json\/wp\/v2\/posts\/107937","targetHints":{"allow":["GET"]}}],"collection":[{"href":"http:\/\/sites.ecclesia.pt\/liturgia\/wp-json\/wp\/v2\/posts"}],"about":[{"href":"http:\/\/sites.ecclesia.pt\/liturgia\/wp-json\/wp\/v2\/types\/post"}],"author":[{"embeddable":true,"href":"http:\/\/sites.ecclesia.pt\/liturgia\/wp-json\/wp\/v2\/users\/1"}],"replies":[{"embeddable":true,"href":"http:\/\/sites.ecclesia.pt\/liturgia\/wp-json\/wp\/v2\/comments?post=107937"}],"version-history":[{"count":2,"href":"http:\/\/sites.ecclesia.pt\/liturgia\/wp-json\/wp\/v2\/posts\/107937\/revisions"}],"predecessor-version":[{"id":164153,"href":"http:\/\/sites.ecclesia.pt\/liturgia\/wp-json\/wp\/v2\/posts\/107937\/revisions\/164153"}],"wp:featuredmedia":[{"embeddable":true,"href":"http:\/\/sites.ecclesia.pt\/liturgia\/wp-json\/wp\/v2\/media\/162819"}],"wp:attachment":[{"href":"http:\/\/sites.ecclesia.pt\/liturgia\/wp-json\/wp\/v2\/media?parent=107937"}],"wp:term":[{"taxonomy":"category","embeddable":true,"href":"http:\/\/sites.ecclesia.pt\/liturgia\/wp-json\/wp\/v2\/categories?post=107937"},{"taxonomy":"post_tag","embeddable":true,"href":"http:\/\/sites.ecclesia.pt\/liturgia\/wp-json\/wp\/v2\/tags?post=107937"}],"curies":[{"name":"wp","href":"https:\/\/api.w.org\/{rel}","templated":true}]}}