{"id":108605,"date":"2018-06-23T12:00:02","date_gmt":"2018-06-23T12:00:02","guid":{"rendered":"http:\/\/www.agencia.ecclesia.pt\/portal\/?p=108605"},"modified":"2020-03-12T17:39:07","modified_gmt":"2020-03-12T17:39:07","slug":"ano-b-solenidade-de-sao-joao-batista-dehonianos","status":"publish","type":"post","link":"http:\/\/sites.ecclesia.pt\/liturgia\/ano-b-solenidade-de-sao-joao-batista-dehonianos\/","title":{"rendered":"Ano B &#8211; Solenidade de S\u00e3o Jo\u00e3o Batista &#8211; Dehonianos"},"content":{"rendered":"<p><iframe loading=\"lazy\" title=\"Ano B - Solenidade de S\u00e3o Jo\u00e3o Batista\" width=\"1080\" height=\"608\" src=\"https:\/\/www.youtube.com\/embed\/NZdZufDKHzY?feature=oembed\" frameborder=\"0\" allow=\"accelerometer; autoplay; encrypted-media; gyroscope; picture-in-picture\" allowfullscreen><\/iframe><\/p>\n<p><em>Como Jo\u00e3o Batista, fi\u00e9is \u00e0 miss\u00e3o<\/em><\/p>\n<p><!--more--><\/p>\n<p>Neste 12.\u00ba domingo do Tempo Comum, celebramos a Solenidade de S. Jo\u00e3o Batista. A Palavra de Deus apresenta-nos esta figura prof\u00e9tica. Escolhido por Deus para ser profeta, ainda antes de nascer, ele \u00e9 um dom de Deus ao seu Povo. Sublinhando a import\u00e2ncia de Jo\u00e3o na hist\u00f3ria da salva\u00e7\u00e3o, a liturgia n\u00e3o deixa, contudo, de mostrar que Jo\u00e3o n\u00e3o \u00e9 a salva\u00e7\u00e3o; ele veio apenas dirigir o olhar dos homens para Cristo e preparar o cora\u00e7\u00e3o dos homens para acolher a salva\u00e7\u00e3o que estava para chegar.<\/p>\n<p>A primeira leitura apresenta-nos uma misteriosa figura prof\u00e9tica, eleita por Deus desde o seio materno, a fim de ser a luz das na\u00e7\u00f5es e levar a Palavra ao cora\u00e7\u00e3o e \u00e0 vida de todos os homens. Impressiona especialmente a centralidade que Deus assume na vida do profeta: toda a miss\u00e3o prof\u00e9tica brota de Deus e sustenta-se de Deus.<\/p>\n<p>Na segunda leitura, Paulo fala aos judeus de Antioquia do profeta Jo\u00e3o. A sua miss\u00e3o consistiu em convidar os homens a uma mudan\u00e7a de vida e de mentalidade, numa esp\u00e9cie de primeiro passo para acolher o Reino que Jesus veio, depois, propor.<\/p>\n<p>O Evangelho relata o nascimento de Jo\u00e3o. Os acontecimentos ligados ao seu nascimento mostram como o profeta Jo\u00e3o \u00e9 um dom de Deus.<\/p>\n<p>\u201cQuem vir\u00e1 a ser este menino?\u201d, diz o Evangelho. Jo\u00e3o Baptista ser\u00e1 o \u00fanico ser humano, com a Virgem Maria e Jesus, naturalmente, de quem a Igreja celebra o nascimento terrestre. Para todos os outros santos, ela faz mem\u00f3ria do seu \u201cnascimento para o c\u00e9u\u201d, isto \u00e9, da sua morte. Porqu\u00ea um tal privil\u00e9gio para Jo\u00e3o Baptista? Porque recebeu o Esp\u00edrito Santo desde o seu nascimento, quando Maria, a \u201ccheia de gra\u00e7a\u201d, veio visitar a sua prima Isabel. Ele \u00e9 o maior dos profetas de Israel, porque reconheceu e designou o Messias. Isso aconteceu em toda a sua vida. At\u00e9 ao fim, permanecer\u00e1 fiel \u00e0 sua miss\u00e3o de porta-voz de Deus. Viveu numa total humildade, sabendo fazer a verdade sobre si mesmo. P\u00f4de, ent\u00e3o, viver no amor que tem a sua fonte em Deus. Amigo do esposo, de Jesus, reconheceu que Jesus era maior do que ele. Tornou-se, assim, para n\u00f3s, um exemplo na nossa caminhada de seguimento de Jesus, para que deixemos, n\u00f3s tamb\u00e9m, Jesus crescer em n\u00f3s. Que isso seja tamb\u00e9m a nossa alegria.<\/p>\n<p>\u201cQuem ser\u00e1 esta crian\u00e7a?\u201d Cada um \u00e9 \u00fanico, cada rec\u00e9m-nascido \u00e9 uma nova criatura de Deus. Cada um de n\u00f3s recebe de Deus uma miss\u00e3o. A liturgia deste dia recorda-nos que cada um de n\u00f3s \u00e9 escolhido por Deus para a miss\u00e3o que nos \u00e9 confiada. Vejamos qual \u00e9 a nossa miss\u00e3o e procuremos fazer o ponto da situa\u00e7\u00e3o, no plano espiritual, para recome\u00e7ar de novo na fidelidade \u00e0 miss\u00e3o a que o Senhor nos chama e envia.<\/p>\n<p><em>Manuel Barbosa, scj<\/em><br \/>\n<em><a href=\"http:\/\/www.dehonianos.org\">www.dehonianos.org<\/a><\/em><\/p>\n","protected":false},"excerpt":{"rendered":"<p>Como Jo\u00e3o Batista, fi\u00e9is \u00e0 miss\u00e3o<\/p>\n","protected":false},"author":1,"featured_media":162816,"comment_status":"closed","ping_status":"open","sticky":false,"template":"","format":"standard","meta":{"_et_pb_use_builder":"","_et_pb_old_content":"","_et_gb_content_width":"","footnotes":""},"categories":[110],"tags":[107],"class_list":["post-108605","post","type-post","status-publish","format-standard","has-post-thumbnail","hentry","category-b-solenidades-e-festas","tag-dehonianos"],"_links":{"self":[{"href":"http:\/\/sites.ecclesia.pt\/liturgia\/wp-json\/wp\/v2\/posts\/108605","targetHints":{"allow":["GET"]}}],"collection":[{"href":"http:\/\/sites.ecclesia.pt\/liturgia\/wp-json\/wp\/v2\/posts"}],"about":[{"href":"http:\/\/sites.ecclesia.pt\/liturgia\/wp-json\/wp\/v2\/types\/post"}],"author":[{"embeddable":true,"href":"http:\/\/sites.ecclesia.pt\/liturgia\/wp-json\/wp\/v2\/users\/1"}],"replies":[{"embeddable":true,"href":"http:\/\/sites.ecclesia.pt\/liturgia\/wp-json\/wp\/v2\/comments?post=108605"}],"version-history":[{"count":4,"href":"http:\/\/sites.ecclesia.pt\/liturgia\/wp-json\/wp\/v2\/posts\/108605\/revisions"}],"predecessor-version":[{"id":164152,"href":"http:\/\/sites.ecclesia.pt\/liturgia\/wp-json\/wp\/v2\/posts\/108605\/revisions\/164152"}],"wp:featuredmedia":[{"embeddable":true,"href":"http:\/\/sites.ecclesia.pt\/liturgia\/wp-json\/wp\/v2\/media\/162816"}],"wp:attachment":[{"href":"http:\/\/sites.ecclesia.pt\/liturgia\/wp-json\/wp\/v2\/media?parent=108605"}],"wp:term":[{"taxonomy":"category","embeddable":true,"href":"http:\/\/sites.ecclesia.pt\/liturgia\/wp-json\/wp\/v2\/categories?post=108605"},{"taxonomy":"post_tag","embeddable":true,"href":"http:\/\/sites.ecclesia.pt\/liturgia\/wp-json\/wp\/v2\/tags?post=108605"}],"curies":[{"name":"wp","href":"https:\/\/api.w.org\/{rel}","templated":true}]}}