{"id":108615,"date":"2018-06-22T16:19:30","date_gmt":"2018-06-22T15:19:30","guid":{"rendered":"http:\/\/www.agencia.ecclesia.pt\/portal\/?p=108615"},"modified":"2021-02-25T16:29:50","modified_gmt":"2021-02-25T16:29:50","slug":"ano-b-solenidade-de-s-joao-batista","status":"publish","type":"post","link":"http:\/\/sites.ecclesia.pt\/liturgia\/ano-b-solenidade-de-s-joao-batista\/","title":{"rendered":"Ano B &#8211; Solenidade de S. Jo\u00e3o Batista &#8211; Programa Ecclesia"},"content":{"rendered":"<p><iframe loading=\"lazy\" title=\"Coment\u00e1rio \u00e0 liturgia da Solenidade de S. Jo\u00e3o Batista com a irm\u00e3 Paula Jord\u00e3o e Juan Ambrosio\" width=\"1080\" height=\"608\" src=\"https:\/\/www.youtube.com\/embed\/tNdhfQOXyBE?feature=oembed\"  allow=\"accelerometer; autoplay; clipboard-write; encrypted-media; gyroscope; picture-in-picture\" allowfullscreen><\/iframe><\/p>\n<p>Programa Ecclesia do dia 22 de junho de 2018<\/p>\n","protected":false},"excerpt":{"rendered":"<p>Programa Ecclesia do dia 22 de junho de 2018<\/p>\n","protected":false},"author":1,"featured_media":162817,"comment_status":"closed","ping_status":"open","sticky":false,"template":"","format":"standard","meta":{"_et_pb_use_builder":"","_et_pb_old_content":"","_et_gb_content_width":"","footnotes":""},"categories":[110],"tags":[104],"class_list":["post-108615","post","type-post","status-publish","format-standard","has-post-thumbnail","hentry","category-b-solenidades-e-festas","tag-programa-ecclesia"],"_links":{"self":[{"href":"http:\/\/sites.ecclesia.pt\/liturgia\/wp-json\/wp\/v2\/posts\/108615","targetHints":{"allow":["GET"]}}],"collection":[{"href":"http:\/\/sites.ecclesia.pt\/liturgia\/wp-json\/wp\/v2\/posts"}],"about":[{"href":"http:\/\/sites.ecclesia.pt\/liturgia\/wp-json\/wp\/v2\/types\/post"}],"author":[{"embeddable":true,"href":"http:\/\/sites.ecclesia.pt\/liturgia\/wp-json\/wp\/v2\/users\/1"}],"replies":[{"embeddable":true,"href":"http:\/\/sites.ecclesia.pt\/liturgia\/wp-json\/wp\/v2\/comments?post=108615"}],"version-history":[{"count":3,"href":"http:\/\/sites.ecclesia.pt\/liturgia\/wp-json\/wp\/v2\/posts\/108615\/revisions"}],"predecessor-version":[{"id":199685,"href":"http:\/\/sites.ecclesia.pt\/liturgia\/wp-json\/wp\/v2\/posts\/108615\/revisions\/199685"}],"wp:featuredmedia":[{"embeddable":true,"href":"http:\/\/sites.ecclesia.pt\/liturgia\/wp-json\/wp\/v2\/media\/162817"}],"wp:attachment":[{"href":"http:\/\/sites.ecclesia.pt\/liturgia\/wp-json\/wp\/v2\/media?parent=108615"}],"wp:term":[{"taxonomy":"category","embeddable":true,"href":"http:\/\/sites.ecclesia.pt\/liturgia\/wp-json\/wp\/v2\/categories?post=108615"},{"taxonomy":"post_tag","embeddable":true,"href":"http:\/\/sites.ecclesia.pt\/liturgia\/wp-json\/wp\/v2\/tags?post=108615"}],"curies":[{"name":"wp","href":"https:\/\/api.w.org\/{rel}","templated":true}]}}