{"id":109279,"date":"2018-06-30T12:02:51","date_gmt":"2018-06-30T12:02:51","guid":{"rendered":"http:\/\/www.agencia.ecclesia.pt\/portal\/?p=109279"},"modified":"2020-03-12T17:39:12","modified_gmt":"2020-03-12T17:39:12","slug":"ano-b-13o-domingo-do-tempo-comum-dehonianos","status":"publish","type":"post","link":"http:\/\/sites.ecclesia.pt\/liturgia\/ano-b-13o-domingo-do-tempo-comum-dehonianos\/","title":{"rendered":"Ano B &#8211; 13.\u00ba Domingo do Tempo Comum &#8211; Dehonianos"},"content":{"rendered":"<p><iframe loading=\"lazy\" width=\"1080\" height=\"608\" src=\"https:\/\/www.youtube.com\/embed\/JUnoNRhM7uY?feature=oembed\" frameborder=\"0\" allow=\"autoplay; encrypted-media\" allowfullscreen><\/iframe><\/p>\n<p>A f\u00e9 que faz viver<\/p>\n<p><!--more--><\/p>\n<p>Deus ama a vida! \u201cDeus criou o homem para ser incorrupt\u00edvel e f\u00ea-lo \u00e0 imagem da sua pr\u00f3pria natureza\u201d, diz a primeira leitura deste 13.\u00ba domingo do Tempo Comum. Pelo seu Filho, Deus salva-nos da morte: eis porque Lhe damos gra\u00e7as em cada Eucaristia. Na sua vida terrena, Jesus sempre defendeu a vida. O Evangelho de hoje relata-nos dois epis\u00f3dios que assinalam a defesa da vida: Ele cura, Ele levanta. Ele torna livres todas as pessoas, d\u00e1-lhes toda a dignidade e capacidade para viver plenamente na alegria e na f\u00e9.<\/p>\n<p>As duas mulheres que beneficiam das a\u00e7\u00f5es de Jesus no Evangelho de hoje t\u00eam isto em comum: a primeira estava doente desde os 12 anos e a jovem filha morreu aos 12 anos, a idade em que se devia tornar mulher. No povo de Israel, o percurso destas duas mulheres era sinal de fracasso. Uma estava atingida na sua fecundidade: perdia o seu sangue, princ\u00edpio de vida na mentalidade sem\u00edtica. A outra perdia a vida, precisamente na idade em que se preparava para a transmitir, pois era tradi\u00e7\u00e3o casar-se muito cedo. Cristo cura as duas mulheres e permite-lhes assim assumir a sua voca\u00e7\u00e3o maternal.<\/p>\n<p>Estas duas mulheres representam a Igreja, na sua voca\u00e7\u00e3o maternal de dar e de alimentar a vida em Cristo. As alus\u00f5es aos santos mist\u00e9rios da Igreja orientam a compreens\u00e3o do relato: Jairo pede a Jesus para impor as m\u00e3os, para salvar e dar a vida \u00e0 sua filha. Ora, toda a prepara\u00e7\u00e3o para o Batismo est\u00e1 sinalizada pela imposi\u00e7\u00e3o das m\u00e3os. Jesus levanta a jovem, tomando-a pela m\u00e3o, como o di\u00e1cono fazia sair da \u00e1gua o batizado, tomando-o pela m\u00e3o, para que fosse desperto para a vida em Deus. Jesus pede, de seguida, que se d\u00ea de comer a esta jovem ressuscitada da morte: \u00e9 uma alus\u00e3o \u00e0 Eucaristia que se segue ao Batismo.<\/p>\n<p>Uma vida que \u00e9 ades\u00e3o na f\u00e9 \u00e0 Pessoa de Jesus Cristo. Uma f\u00e9 que faz acolher a a\u00e7\u00e3o de Jesus e que transforma a mulher; a jovem levanta-se curada, as testemunhas ficam abaladas; Jesus \u00e9 reconhecido por aqueles que acreditam.<\/p>\n<p>No meio da multid\u00e3o, Jesus est\u00e1 atento a cada pessoa concreta, manifesta uma disponibilidade extraordin\u00e1ria, est\u00e1 extremamente atento \u00e0 sua presen\u00e7a. Ningu\u00e9m fica an\u00f3nimo aos olhos de Jesus, que est\u00e1 habitado pelo amor de Deus para com os seus filhos. No Cora\u00e7\u00e3o do Pai, Jesus \u00e9 capaz de uma aten\u00e7\u00e3o extrema a cada ser humano, sem exce\u00e7\u00e3o.<\/p>\n<p>A aten\u00e7\u00e3o ao outro come\u00e7a por fazer sil\u00eancio em mim para melhor escutar Jesus, a sua Palavra; continua por ter tempo para a ora\u00e7\u00e3o interior, para aprofundar o meu sil\u00eancio interior, que escuta e ama; continua ainda por cuidar dos outros com o mesmo olhar e gestos de Cristo em quem acredito. Que assim seja ao longo desta semana.<\/p>\n<p><em>Manuel Barbosa, scj<\/em><br \/>\n<em><a href=\"http:\/\/www.dehonianos.org\">www.dehonianos.org<\/a><\/em><\/p>\n<p>&nbsp;<\/p>\n","protected":false},"excerpt":{"rendered":"<p>A f\u00e9 que faz viver<\/p>\n","protected":false},"author":1,"featured_media":162813,"comment_status":"closed","ping_status":"open","sticky":false,"template":"","format":"standard","meta":{"_et_pb_use_builder":"","_et_pb_old_content":"","_et_gb_content_width":"","footnotes":""},"categories":[106],"tags":[107],"class_list":["post-109279","post","type-post","status-publish","format-standard","has-post-thumbnail","hentry","category-b-tempo-comum","tag-dehonianos"],"_links":{"self":[{"href":"http:\/\/sites.ecclesia.pt\/liturgia\/wp-json\/wp\/v2\/posts\/109279","targetHints":{"allow":["GET"]}}],"collection":[{"href":"http:\/\/sites.ecclesia.pt\/liturgia\/wp-json\/wp\/v2\/posts"}],"about":[{"href":"http:\/\/sites.ecclesia.pt\/liturgia\/wp-json\/wp\/v2\/types\/post"}],"author":[{"embeddable":true,"href":"http:\/\/sites.ecclesia.pt\/liturgia\/wp-json\/wp\/v2\/users\/1"}],"replies":[{"embeddable":true,"href":"http:\/\/sites.ecclesia.pt\/liturgia\/wp-json\/wp\/v2\/comments?post=109279"}],"version-history":[{"count":3,"href":"http:\/\/sites.ecclesia.pt\/liturgia\/wp-json\/wp\/v2\/posts\/109279\/revisions"}],"predecessor-version":[{"id":164151,"href":"http:\/\/sites.ecclesia.pt\/liturgia\/wp-json\/wp\/v2\/posts\/109279\/revisions\/164151"}],"wp:featuredmedia":[{"embeddable":true,"href":"http:\/\/sites.ecclesia.pt\/liturgia\/wp-json\/wp\/v2\/media\/162813"}],"wp:attachment":[{"href":"http:\/\/sites.ecclesia.pt\/liturgia\/wp-json\/wp\/v2\/media?parent=109279"}],"wp:term":[{"taxonomy":"category","embeddable":true,"href":"http:\/\/sites.ecclesia.pt\/liturgia\/wp-json\/wp\/v2\/categories?post=109279"},{"taxonomy":"post_tag","embeddable":true,"href":"http:\/\/sites.ecclesia.pt\/liturgia\/wp-json\/wp\/v2\/tags?post=109279"}],"curies":[{"name":"wp","href":"https:\/\/api.w.org\/{rel}","templated":true}]}}