{"id":114477,"date":"2018-09-15T12:00:46","date_gmt":"2018-09-15T12:00:46","guid":{"rendered":"http:\/\/www.agencia.ecclesia.pt\/portal\/?p=114477"},"modified":"2020-03-12T17:38:38","modified_gmt":"2020-03-12T17:38:38","slug":"ano-b-24o-domingo-do-tempo-comum-dehonianos","status":"publish","type":"post","link":"http:\/\/sites.ecclesia.pt\/liturgia\/ano-b-24o-domingo-do-tempo-comum-dehonianos\/","title":{"rendered":"Ano B &#8211; 24.\u00ba Domingo do Tempo Comum &#8211; Dehonianos"},"content":{"rendered":"<p><iframe loading=\"lazy\" width=\"1080\" height=\"608\" src=\"https:\/\/www.youtube.com\/embed\/Z9qZKkTD76M?feature=oembed\" frameborder=\"0\" allow=\"autoplay; encrypted-media\" allowfullscreen><\/iframe><\/p>\n<p>Seguir Jesus Cristo, dar a vida<\/p>\n<p><!--more--><\/p>\n<p>O Evangelho deste 24.\u00ba Domingo do Tempo Comum coloca-nos face a face com Jesus. As suas perguntas provocam uma resposta radical, de ades\u00e3o ou de rejei\u00e7\u00e3o.<\/p>\n<p>Primeira quest\u00e3o: Quem \u00e9 Jesus? O que \u00e9 que os homens dizem de Jesus? Muitos dos nossos conterr\u00e2neos veem em Jesus um homem bom, generoso, atento aos sofrimentos dos outros, que sonhou com um mundo diferente, um admir\u00e1vel mestre de moral, um admir\u00e1vel condutor de massas, um revolucion\u00e1rio ing\u00e9nuo e inconsequente. S\u00e3o vis\u00f5es que apresentam Jesus como um homem excecional e admir\u00e1vel, que marcou a hist\u00f3ria. Mas Jesus \u00e9 mais que isso: \u00e9 Deus ador\u00e1vel.<\/p>\n<p>Segunda quest\u00e3o, tamb\u00e9m decisiva: E v\u00f3s, quem dizeis que Eu sou? \u00c9 uma pergunta que deve, de forma constante, ecoar nos nossos ouvidos e no nosso cora\u00e7\u00e3o. Responder a esta quest\u00e3o n\u00e3o significa papaguear li\u00e7\u00f5es de catequese ou tratados de teologia, mas interrogar o nosso cora\u00e7\u00e3o e tentar perceber qual \u00e9 o lugar que Jesus Cristo ocupa na nossa exist\u00eancia.<\/p>\n<p>Responder a esta quest\u00e3o obriga-nos a pensar no significado que Jesus Cristo tem na nossa vida, na aten\u00e7\u00e3o que damos \u00e0s suas propostas, na import\u00e2ncia que os seus valores assumem nas nossas op\u00e7\u00f5es, no esfor\u00e7o que fazemos ou que n\u00e3o fazemos para o seguir.<\/p>\n<p>Quem \u00e9 Jesus Cristo para mim? A minha resposta de disc\u00edpulo s\u00f3 pode ser como a de Pedro: \u00abTu \u00e9s o Messias\u00bb. O Messias libertador, que o Pai enviou ao nosso encontro com uma proposta de salva\u00e7\u00e3o e de vida plena.<\/p>\n<p>A identidade crist\u00e3 do verdadeiro disc\u00edpulo de Jesus constr\u00f3i-se \u00e0 volta de Jesus Cristo e da sua proposta de vida. Que nenhum de n\u00f3s tenha d\u00favidas: ser crist\u00e3o \u00e9 bem mais do que ser batizado, ter casado na igreja, organizar a festa do santo padroeiro da par\u00f3quia, ou dar-se bem com o padre.<\/p>\n<p>Ser crist\u00e3o \u00e9, essencialmente, seguir Jesus Cristo no caminho do amor e do dom da vida. O crist\u00e3o \u00e9 aquele que faz de Jesus Cristo a refer\u00eancia fundamental \u00e0 volta da qual constr\u00f3i toda a sua exist\u00eancia; e \u00e9 aquele que renuncia a si mesmo e que toma a mesma cruz de Jesus Cristo.<\/p>\n<p>O seguidor de Jesus Cristo n\u00e3o pode viver fechado no seu cantinho, a olhar para si mesmo, indiferente aos dramas que se passam \u00e0 sua volta, insens\u00edvel \u00e0s necessidades dos irm\u00e3os, alheado das lutas e reivindica\u00e7\u00f5es dos outros homens; mas vive para Deus e na solidariedade, na partilha e no servi\u00e7o aos irm\u00e3os.<\/p>\n<p>Tomar a cruz \u00e9 amar at\u00e9 \u00e0s \u00faltimas consequ\u00eancias, at\u00e9 \u00e0 morte. O crist\u00e3o n\u00e3o tem medo de lutar contra a injusti\u00e7a, a explora\u00e7\u00e3o, a mis\u00e9ria e o pecado. O seguidor de Jesus Cristo \u00e9 aquele que est\u00e1 disposto a dar a vida para que os seus irm\u00e3os sejam mais livres e mais felizes.<\/p>\n<p><em>Manuel Barbosa, scj<\/em><br \/>\n<em><a href=\"http:\/\/www.dehonianos.org\">www.dehonianos.org<\/a><\/em><\/p>\n","protected":false},"excerpt":{"rendered":"<p>Seguir Jesus Cristo, dar a vida<\/p>\n","protected":false},"author":1,"featured_media":162792,"comment_status":"closed","ping_status":"open","sticky":false,"template":"","format":"standard","meta":{"_et_pb_use_builder":"","_et_pb_old_content":"","_et_gb_content_width":"","footnotes":""},"categories":[106],"tags":[107],"class_list":["post-114477","post","type-post","status-publish","format-standard","has-post-thumbnail","hentry","category-b-tempo-comum","tag-dehonianos"],"_links":{"self":[{"href":"http:\/\/sites.ecclesia.pt\/liturgia\/wp-json\/wp\/v2\/posts\/114477","targetHints":{"allow":["GET"]}}],"collection":[{"href":"http:\/\/sites.ecclesia.pt\/liturgia\/wp-json\/wp\/v2\/posts"}],"about":[{"href":"http:\/\/sites.ecclesia.pt\/liturgia\/wp-json\/wp\/v2\/types\/post"}],"author":[{"embeddable":true,"href":"http:\/\/sites.ecclesia.pt\/liturgia\/wp-json\/wp\/v2\/users\/1"}],"replies":[{"embeddable":true,"href":"http:\/\/sites.ecclesia.pt\/liturgia\/wp-json\/wp\/v2\/comments?post=114477"}],"version-history":[{"count":3,"href":"http:\/\/sites.ecclesia.pt\/liturgia\/wp-json\/wp\/v2\/posts\/114477\/revisions"}],"predecessor-version":[{"id":164149,"href":"http:\/\/sites.ecclesia.pt\/liturgia\/wp-json\/wp\/v2\/posts\/114477\/revisions\/164149"}],"wp:featuredmedia":[{"embeddable":true,"href":"http:\/\/sites.ecclesia.pt\/liturgia\/wp-json\/wp\/v2\/media\/162792"}],"wp:attachment":[{"href":"http:\/\/sites.ecclesia.pt\/liturgia\/wp-json\/wp\/v2\/media?parent=114477"}],"wp:term":[{"taxonomy":"category","embeddable":true,"href":"http:\/\/sites.ecclesia.pt\/liturgia\/wp-json\/wp\/v2\/categories?post=114477"},{"taxonomy":"post_tag","embeddable":true,"href":"http:\/\/sites.ecclesia.pt\/liturgia\/wp-json\/wp\/v2\/tags?post=114477"}],"curies":[{"name":"wp","href":"https:\/\/api.w.org\/{rel}","templated":true}]}}