{"id":115442,"date":"2018-09-28T17:03:51","date_gmt":"2018-09-28T17:03:51","guid":{"rendered":"http:\/\/www.agencia.ecclesia.pt\/portal\/?p=115442"},"modified":"2021-02-25T18:04:47","modified_gmt":"2021-02-25T18:04:47","slug":"ano-b-26-o-domingo-do-tempo-comum-programa-ecclesia","status":"publish","type":"post","link":"http:\/\/sites.ecclesia.pt\/liturgia\/ano-b-26-o-domingo-do-tempo-comum-programa-ecclesia\/","title":{"rendered":"Ano B &#8211; 26.\u00ba Domingo do Tempo Comum &#8211; Programa Ecclesia"},"content":{"rendered":"<p><iframe loading=\"lazy\" title=\"Coment\u00e1rio \u00e0 liturgia do 26\u00ba domingo do Tempo Comum pelos padres Jo\u00e3o Louren\u00e7o e Jos\u00e9 Andr\u00e9\" width=\"1080\" height=\"608\" src=\"https:\/\/www.youtube.com\/embed\/Jb7Eu4IJGCU?feature=oembed\"  allow=\"accelerometer; autoplay; clipboard-write; encrypted-media; gyroscope; picture-in-picture\" allowfullscreen><\/iframe><\/p>\n<p>Programa Ecclesia do dia 28 de setembro de 2018<\/p>\n","protected":false},"excerpt":{"rendered":"<p>Programa Ecclesia do dia 28 de setembro de 2018<\/p>\n","protected":false},"author":1,"featured_media":162786,"comment_status":"closed","ping_status":"open","sticky":false,"template":"","format":"standard","meta":{"_et_pb_use_builder":"","_et_pb_old_content":"","_et_gb_content_width":"","footnotes":""},"categories":[106],"tags":[104],"class_list":["post-115442","post","type-post","status-publish","format-standard","has-post-thumbnail","hentry","category-b-tempo-comum","tag-programa-ecclesia"],"_links":{"self":[{"href":"http:\/\/sites.ecclesia.pt\/liturgia\/wp-json\/wp\/v2\/posts\/115442","targetHints":{"allow":["GET"]}}],"collection":[{"href":"http:\/\/sites.ecclesia.pt\/liturgia\/wp-json\/wp\/v2\/posts"}],"about":[{"href":"http:\/\/sites.ecclesia.pt\/liturgia\/wp-json\/wp\/v2\/types\/post"}],"author":[{"embeddable":true,"href":"http:\/\/sites.ecclesia.pt\/liturgia\/wp-json\/wp\/v2\/users\/1"}],"replies":[{"embeddable":true,"href":"http:\/\/sites.ecclesia.pt\/liturgia\/wp-json\/wp\/v2\/comments?post=115442"}],"version-history":[{"count":5,"href":"http:\/\/sites.ecclesia.pt\/liturgia\/wp-json\/wp\/v2\/posts\/115442\/revisions"}],"predecessor-version":[{"id":199783,"href":"http:\/\/sites.ecclesia.pt\/liturgia\/wp-json\/wp\/v2\/posts\/115442\/revisions\/199783"}],"wp:featuredmedia":[{"embeddable":true,"href":"http:\/\/sites.ecclesia.pt\/liturgia\/wp-json\/wp\/v2\/media\/162786"}],"wp:attachment":[{"href":"http:\/\/sites.ecclesia.pt\/liturgia\/wp-json\/wp\/v2\/media?parent=115442"}],"wp:term":[{"taxonomy":"category","embeddable":true,"href":"http:\/\/sites.ecclesia.pt\/liturgia\/wp-json\/wp\/v2\/categories?post=115442"},{"taxonomy":"post_tag","embeddable":true,"href":"http:\/\/sites.ecclesia.pt\/liturgia\/wp-json\/wp\/v2\/tags?post=115442"}],"curies":[{"name":"wp","href":"https:\/\/api.w.org\/{rel}","templated":true}]}}