{"id":120771,"date":"2018-12-01T12:00:24","date_gmt":"2018-12-01T12:00:24","guid":{"rendered":"http:\/\/www.agencia.ecclesia.pt\/portal\/?p=120771"},"modified":"2020-03-12T17:37:36","modified_gmt":"2020-03-12T17:37:36","slug":"ano-c-01o-domingo-do-advento-dehonianos","status":"publish","type":"post","link":"http:\/\/sites.ecclesia.pt\/liturgia\/ano-c-01o-domingo-do-advento-dehonianos\/","title":{"rendered":"Ano C &#8211; 01.\u00ba Domingo do Advento &#8211; Dehonianos"},"content":{"rendered":"<p><iframe loading=\"lazy\" title=\"I domingo do advento - Ano C\" width=\"1080\" height=\"608\" src=\"https:\/\/www.youtube.com\/embed\/bG2Kkcf9Dhg?feature=oembed\" frameborder=\"0\" allow=\"accelerometer; autoplay; encrypted-media; gyroscope; picture-in-picture\" allowfullscreen><\/iframe><\/p>\n<p>Cuidar da vinda, cuidar da vida<!--more--><\/p>\n<p>Come\u00e7amos hoje um novo ciclo lit\u00fargico do Ano C, em primeiro domingo do Advento, tempo da vinda do Senhor. Mas n\u00e3o \u00e9 um ciclo fechado sobre si mesmo. Cada ano que passa aproxima-nos do nosso fim terrestre, mas \u00e9-nos dado tamb\u00e9m como o tempo durante o qual Jesus vem visitar-nos, dar-nos a sua presen\u00e7a de Ressuscitado.<\/p>\n<p>Segundo as belas palavras de Jeremias, o Senhor oferece-se a n\u00f3s como \u00abum rebento de justi\u00e7a\u00bb, como a \u00abpromessa de felicidade\u00bb que se realizar\u00e1 em plenitude no fim dos tempos. Desde agora, Ele age no segredo dos cora\u00e7\u00f5es, como o poder da vida que, secretamente, constr\u00f3i um novo ser no seio materno. \u00abVigiai e orai em todo o tempo\u00bb, a fim de estardes de p\u00e9 no Dia da sua Vinda na plenitude da Luz.<\/p>\n<p>Na mesma celebra\u00e7\u00e3o, proclama-se como Palavra do Senhor duas afirma\u00e7\u00f5es que parecem afastadas uma da outra, mesmo contradit\u00f3rias.<\/p>\n<p>Palavra do Livro de Jeremias: \u00abDias vir\u00e3o, em que cumprirei a promessa que fiz \u00e0 casa de Israel e \u00e0 casa de Jud\u00e1\u00bb.<\/p>\n<p>Palavra do Evangelho: \u00abHaver\u00e1 sinais no sol, na lua e nas estrelas e, na terra, ang\u00fastia entre as na\u00e7\u00f5es, aterradas com o rugido e a agita\u00e7\u00e3o do mar. Os homens morrer\u00e3o de pavor, na expectativa do que vai suceder ao universo\u00bb.<\/p>\n<p>Ora o universo conhece transforma\u00e7\u00f5es constantes, tremores de terra, erup\u00e7\u00f5es vulc\u00e2nicas, tsunamis, meteoritos, furac\u00f5es\u2026 O sol e as estrelas, um dia, apagar-se-\u00e3o. Nesta aparente contradi\u00e7\u00e3o, Jesus, com os conhecimentos e a mentalidade da sua \u00e9poca, chama a nossa aten\u00e7\u00e3o para essa realidade: o nosso mundo, um dia, acabar\u00e1. Jesus convida-nos a n\u00e3o esquecer o fim de todas as coisas. Diz-nos: \u201cVigiai\u201d. Vigiai para que n\u00e3o vos instaleis neste tempo como se ele fosse durar sempre! Mas a\u00ed, no cora\u00e7\u00e3o da nossa condi\u00e7\u00e3o mortal, Deus diz-nos uma palavra que n\u00e3o passar\u00e1. Esta Palavra \u00e9 o pr\u00f3prio Jesus.<\/p>\n<p>Na segunda leitura, Paulo lan\u00e7a-nos um forte apelo: \u00abIrm\u00e3os, o Senhor vos fa\u00e7a crescer e abundar na caridade uns para com os outros e para com todos\u00bb.<\/p>\n<p>Ao longo desta primeira semana de Advento, procuremos ir ao encontro de algu\u00e9m que j\u00e1 n\u00e3o tem for\u00e7a para esperar: esperar um trabalho, esperar uma sa\u00fade melhor, esperar uma reconcilia\u00e7\u00e3o\u2026 Que lhe vamos dizer? O Advento \u00e9 o tempo prop\u00edcio para ajudar a erguer-se de novo, o tempo de voltar a dar gosto \u00e0 vida que germina.<\/p>\n<p>Que isso aconte\u00e7a no apelo de Jesus a \u00aborar em todo o tempo\u00bb. Rezar sempre, em cada dia, alguns minutos, um tempo mais prolongado, um tempo de retiro\u2026<\/p>\n<p>Cuidar a nossa vida de ora\u00e7\u00e3o \u00e9 cuidar da vinda do Senhor aos nossos cora\u00e7\u00f5es, \u00e9 cuidar com amor e aten\u00e7\u00e3o de quem anda pr\u00f3ximo de n\u00f3s. Que assim seja, sempre e sem cessar.<\/p>\n<p><em>Manuel Barbosa, scj<\/em><br \/>\n<em><a href=\"http:\/\/www.dehonianos.org\">www.dehonianos.org<\/a><\/em><\/p>\n<p>&nbsp;<\/p>\n","protected":false},"excerpt":{"rendered":"<p>Cuidar da vinda, cuidar da vida<\/p>\n","protected":false},"author":1,"featured_media":162750,"comment_status":"closed","ping_status":"open","sticky":false,"template":"","format":"standard","meta":{"_et_pb_use_builder":"","_et_pb_old_content":"","_et_gb_content_width":"","footnotes":""},"categories":[114],"tags":[107],"class_list":["post-120771","post","type-post","status-publish","format-standard","has-post-thumbnail","hentry","category-c-advento","tag-dehonianos"],"_links":{"self":[{"href":"http:\/\/sites.ecclesia.pt\/liturgia\/wp-json\/wp\/v2\/posts\/120771","targetHints":{"allow":["GET"]}}],"collection":[{"href":"http:\/\/sites.ecclesia.pt\/liturgia\/wp-json\/wp\/v2\/posts"}],"about":[{"href":"http:\/\/sites.ecclesia.pt\/liturgia\/wp-json\/wp\/v2\/types\/post"}],"author":[{"embeddable":true,"href":"http:\/\/sites.ecclesia.pt\/liturgia\/wp-json\/wp\/v2\/users\/1"}],"replies":[{"embeddable":true,"href":"http:\/\/sites.ecclesia.pt\/liturgia\/wp-json\/wp\/v2\/comments?post=120771"}],"version-history":[{"count":5,"href":"http:\/\/sites.ecclesia.pt\/liturgia\/wp-json\/wp\/v2\/posts\/120771\/revisions"}],"predecessor-version":[{"id":164141,"href":"http:\/\/sites.ecclesia.pt\/liturgia\/wp-json\/wp\/v2\/posts\/120771\/revisions\/164141"}],"wp:featuredmedia":[{"embeddable":true,"href":"http:\/\/sites.ecclesia.pt\/liturgia\/wp-json\/wp\/v2\/media\/162750"}],"wp:attachment":[{"href":"http:\/\/sites.ecclesia.pt\/liturgia\/wp-json\/wp\/v2\/media?parent=120771"}],"wp:term":[{"taxonomy":"category","embeddable":true,"href":"http:\/\/sites.ecclesia.pt\/liturgia\/wp-json\/wp\/v2\/categories?post=120771"},{"taxonomy":"post_tag","embeddable":true,"href":"http:\/\/sites.ecclesia.pt\/liturgia\/wp-json\/wp\/v2\/tags?post=120771"}],"curies":[{"name":"wp","href":"https:\/\/api.w.org\/{rel}","templated":true}]}}