{"id":123256,"date":"2019-01-04T15:56:51","date_gmt":"2019-01-04T15:56:51","guid":{"rendered":"http:\/\/www.agencia.ecclesia.pt\/portal\/?p=123256"},"modified":"2021-02-25T17:40:23","modified_gmt":"2021-02-25T17:40:23","slug":"ano-c-solenidade-da-epifania-do-senhor","status":"publish","type":"post","link":"http:\/\/sites.ecclesia.pt\/liturgia\/ano-c-solenidade-da-epifania-do-senhor\/","title":{"rendered":"Ano C &#8211; Solenidade da Epifania do Senhor &#8211; Programa Ecclesia"},"content":{"rendered":"<p><iframe loading=\"lazy\" title=\"Coment\u00e1rio \u00e0 liturgia da Solenidade da Epifania pela irm\u00e3 Nuria Frau\" width=\"1080\" height=\"608\" src=\"https:\/\/www.youtube.com\/embed\/kh47Gylvkvk?feature=oembed\" frameborder=\"0\" allow=\"accelerometer; autoplay; encrypted-media; gyroscope; picture-in-picture\" allowfullscreen><\/iframe><\/p>\n<p>Programa Ecclesia do dia 4 de janeiro de 2019<\/p>\n","protected":false},"excerpt":{"rendered":"<p>Programa Ecclesia do dia 4 de janeiro de 2019<\/p>\n","protected":false},"author":1,"featured_media":162734,"comment_status":"closed","ping_status":"open","sticky":false,"template":"","format":"standard","meta":{"_et_pb_use_builder":"","_et_pb_old_content":"","_et_gb_content_width":"","footnotes":""},"categories":[115],"tags":[104],"class_list":["post-123256","post","type-post","status-publish","format-standard","has-post-thumbnail","hentry","category-c-solenidades-e-festas","tag-programa-ecclesia"],"_links":{"self":[{"href":"http:\/\/sites.ecclesia.pt\/liturgia\/wp-json\/wp\/v2\/posts\/123256","targetHints":{"allow":["GET"]}}],"collection":[{"href":"http:\/\/sites.ecclesia.pt\/liturgia\/wp-json\/wp\/v2\/posts"}],"about":[{"href":"http:\/\/sites.ecclesia.pt\/liturgia\/wp-json\/wp\/v2\/types\/post"}],"author":[{"embeddable":true,"href":"http:\/\/sites.ecclesia.pt\/liturgia\/wp-json\/wp\/v2\/users\/1"}],"replies":[{"embeddable":true,"href":"http:\/\/sites.ecclesia.pt\/liturgia\/wp-json\/wp\/v2\/comments?post=123256"}],"version-history":[{"count":4,"href":"http:\/\/sites.ecclesia.pt\/liturgia\/wp-json\/wp\/v2\/posts\/123256\/revisions"}],"predecessor-version":[{"id":199765,"href":"http:\/\/sites.ecclesia.pt\/liturgia\/wp-json\/wp\/v2\/posts\/123256\/revisions\/199765"}],"wp:featuredmedia":[{"embeddable":true,"href":"http:\/\/sites.ecclesia.pt\/liturgia\/wp-json\/wp\/v2\/media\/162734"}],"wp:attachment":[{"href":"http:\/\/sites.ecclesia.pt\/liturgia\/wp-json\/wp\/v2\/media?parent=123256"}],"wp:term":[{"taxonomy":"category","embeddable":true,"href":"http:\/\/sites.ecclesia.pt\/liturgia\/wp-json\/wp\/v2\/categories?post=123256"},{"taxonomy":"post_tag","embeddable":true,"href":"http:\/\/sites.ecclesia.pt\/liturgia\/wp-json\/wp\/v2\/tags?post=123256"}],"curies":[{"name":"wp","href":"https:\/\/api.w.org\/{rel}","templated":true}]}}