{"id":124567,"date":"2019-01-12T13:06:33","date_gmt":"2019-01-12T13:06:33","guid":{"rendered":"http:\/\/www.agencia.ecclesia.pt\/portal\/?p=124567"},"modified":"2020-03-12T15:17:42","modified_gmt":"2020-03-12T15:17:42","slug":"ano-c-festa-do-batismo-do-senhor-dehonianos-2","status":"publish","type":"post","link":"http:\/\/sites.ecclesia.pt\/liturgia\/ano-c-festa-do-batismo-do-senhor-dehonianos-2\/","title":{"rendered":"Ano C &#8211; Festa do Batismo do Senhor &#8211; Dehonianos"},"content":{"rendered":"<p><iframe loading=\"lazy\" title=\"Ano C - Festa do Batismo do Senhor\" width=\"1080\" height=\"608\" src=\"https:\/\/www.youtube.com\/embed\/35pUisIPs2c?feature=oembed\" frameborder=\"0\" allow=\"accelerometer; autoplay; encrypted-media; gyroscope; picture-in-picture\" allowfullscreen><\/iframe><\/p>\n<p><em>Viver o batismo no amor de Deus<\/em><!--more--><\/p>\n<p>A cena do Batismo de Jesus, nesta Festa do Batismo do Senhor que encerra o tempo de Natal, revela essencialmente que Jesus \u00e9 o Filho de Deus, enviado pelo Pai ao mundo a fim de cumprir um projeto de liberta\u00e7\u00e3o a favor dos homens. Jesus obedece ao Pai e cumpre o seu plano salvador, vem ao encontro dos homens, solidariza-Se com eles, assume as suas fragilidades, caminha com eles, refaz a comunh\u00e3o entre Deus e os homens que o pecado havia interrompido e conduz os homens ao encontro da vida em plenitude. Da atividade de Jesus s\u00f3 poder\u00e1 resultar uma nova cria\u00e7\u00e3o, uma nova humanidade.<\/p>\n<p>\u00abDeus ungiu com a for\u00e7a do Esp\u00edrito Santo a Jesus de Nazar\u00e9, que passou fazendo o bem e curando todos os que eram oprimidos pelo Dem\u00f3nio, porque Deus estava com Ele\u00bb: eis uma densa descri\u00e7\u00e3o da vida e miss\u00e3o de Jesus Cristo, na segunda leitura dos Atos dos Ap\u00f3stolos<\/p>\n<p>\u00abHoje, Cristo \u00e9 iluminado: entremos tamb\u00e9m n\u00f3s no esplendor da sua luz. Hoje, Cristo \u00e9 batizado: des\u00e7amos com Ele \u00e0 \u00e1gua, para podermos subir com Ele \u00e0 gl\u00f3ria\u00bb. Estas s\u00e3o palavras interpeladoras de S\u00e3o Greg\u00f3rio de Nazianzo no of\u00edcio de leitura de hoje, convidando-nos a entrar na vida em Cristo, que passou pelo mundo fazendo o bem e libertando todos os que eram oprimidos, e a testemunhar o seu amor nos quotidianos da nossa exist\u00eancia, para que a salva\u00e7\u00e3o que Deus oferece chegue a todos os povos da terra.<\/p>\n<p>Retomemos palavras do Evangelho: \u00abO c\u00e9u abriu-se\u2026 O Esp\u00edrito Santo desceu sobre Jesus\u2026 Do c\u00e9u fez-se ouvir uma voz: Tu \u00e9s o meu Filho muito amado: em Ti pus toda a minha complac\u00eancia\u00bb. O que aconteceu em Jesus deve acontecer em cada um de n\u00f3s. Batizados em Cristo e enxertados no Esp\u00edrito Santo, escutamos a mesma voz do Pai: \u00abTu \u00e9s o meu filho amado, tu \u00e9s a minha filha amada! Eu estou contigo, em ti pus toda a minha ternura!\u00bb<\/p>\n<p>Esta voz fala-nos sempre: recorda-nos a nossa dignidade de filhos e filhas de Deus; envia-nos a gritar aos nossos irm\u00e3os que s\u00e3o amados pelo Pai. Iluminados em Cristo, sejamos luz, ternura, bondade e miseric\u00f3rdia para quem vamos encontrando nos caminhos da vida. E que sejam sempre caminhos do amor de Deus derramado nos nossos cora\u00e7\u00f5es.<\/p>\n<p>Neste Ano Mission\u00e1rio, somos convidados a renovar o nosso compromisso batismal como disc\u00edpulos mission\u00e1rios, abertos a todos sem exce\u00e7\u00e3o, comprometidos num caminho que dura a vida inteira. Um caminho que tem in\u00edcio com o Batismo, que nos introduz e faz permanecer como filhos na vida de comunh\u00e3o com Deus e como irm\u00e3os na comunidade de Jesus Cristo.<\/p>\n<p><em>Manuel Barbosa<\/em><br \/>\n<em><a href=\"http:\/\/www.dehonianos.org\">www.dehonianos.org<\/a><\/em><\/p>\n<p>&nbsp;<\/p>\n<p>&nbsp;<\/p>\n","protected":false},"excerpt":{"rendered":"<p>Viver o batismo no amor de Deus<\/p>\n","protected":false},"author":1,"featured_media":162729,"comment_status":"closed","ping_status":"open","sticky":false,"template":"","format":"standard","meta":{"_et_pb_use_builder":"","_et_pb_old_content":"","_et_gb_content_width":"","footnotes":""},"categories":[115],"tags":[107],"class_list":["post-124567","post","type-post","status-publish","format-standard","has-post-thumbnail","hentry","category-c-solenidades-e-festas","tag-dehonianos"],"_links":{"self":[{"href":"http:\/\/sites.ecclesia.pt\/liturgia\/wp-json\/wp\/v2\/posts\/124567","targetHints":{"allow":["GET"]}}],"collection":[{"href":"http:\/\/sites.ecclesia.pt\/liturgia\/wp-json\/wp\/v2\/posts"}],"about":[{"href":"http:\/\/sites.ecclesia.pt\/liturgia\/wp-json\/wp\/v2\/types\/post"}],"author":[{"embeddable":true,"href":"http:\/\/sites.ecclesia.pt\/liturgia\/wp-json\/wp\/v2\/users\/1"}],"replies":[{"embeddable":true,"href":"http:\/\/sites.ecclesia.pt\/liturgia\/wp-json\/wp\/v2\/comments?post=124567"}],"version-history":[{"count":2,"href":"http:\/\/sites.ecclesia.pt\/liturgia\/wp-json\/wp\/v2\/posts\/124567\/revisions"}],"predecessor-version":[{"id":164127,"href":"http:\/\/sites.ecclesia.pt\/liturgia\/wp-json\/wp\/v2\/posts\/124567\/revisions\/164127"}],"wp:featuredmedia":[{"embeddable":true,"href":"http:\/\/sites.ecclesia.pt\/liturgia\/wp-json\/wp\/v2\/media\/162729"}],"wp:attachment":[{"href":"http:\/\/sites.ecclesia.pt\/liturgia\/wp-json\/wp\/v2\/media?parent=124567"}],"wp:term":[{"taxonomy":"category","embeddable":true,"href":"http:\/\/sites.ecclesia.pt\/liturgia\/wp-json\/wp\/v2\/categories?post=124567"},{"taxonomy":"post_tag","embeddable":true,"href":"http:\/\/sites.ecclesia.pt\/liturgia\/wp-json\/wp\/v2\/tags?post=124567"}],"curies":[{"name":"wp","href":"https:\/\/api.w.org\/{rel}","templated":true}]}}