{"id":126884,"date":"2019-02-01T15:41:29","date_gmt":"2019-02-01T15:41:29","guid":{"rendered":"http:\/\/www.agencia.ecclesia.pt\/portal\/?p=126884"},"modified":"2021-02-25T16:36:35","modified_gmt":"2021-02-25T16:36:35","slug":"ano-c-04o-domingo-do-tempo-comum-3","status":"publish","type":"post","link":"http:\/\/sites.ecclesia.pt\/liturgia\/ano-c-04o-domingo-do-tempo-comum-3\/","title":{"rendered":"Ano C &#8211; 04.\u00ba Domingo do Tempo Comum &#8211; Programa Ecclesia"},"content":{"rendered":"<p><iframe loading=\"lazy\" title=\"Coment\u00e1rio \u00e0 liturgia do 4.\u00ba domingo do tempo comum pela irm\u00e3 Gra\u00e7a Guedes e padre Jo\u00e3o Louren\u00e7o\" width=\"1080\" height=\"608\" src=\"https:\/\/www.youtube.com\/embed\/3UW_iR4BMVc?feature=oembed\"  allow=\"accelerometer; autoplay; clipboard-write; encrypted-media; gyroscope; picture-in-picture\" allowfullscreen><\/iframe><\/p>\n<p>Programa Ecclesia do dia 01 de fevereiro de 2019<\/p>\n","protected":false},"excerpt":{"rendered":"<p>Programa Ecclesia do dia 01 de fevereiro de 2019<\/p>\n","protected":false},"author":1,"featured_media":162720,"comment_status":"closed","ping_status":"open","sticky":false,"template":"","format":"standard","meta":{"_et_pb_use_builder":"","_et_pb_old_content":"","_et_gb_content_width":"","footnotes":""},"categories":[102],"tags":[104],"class_list":["post-126884","post","type-post","status-publish","format-standard","has-post-thumbnail","hentry","category-c-tempo-comum","tag-programa-ecclesia"],"_links":{"self":[{"href":"http:\/\/sites.ecclesia.pt\/liturgia\/wp-json\/wp\/v2\/posts\/126884","targetHints":{"allow":["GET"]}}],"collection":[{"href":"http:\/\/sites.ecclesia.pt\/liturgia\/wp-json\/wp\/v2\/posts"}],"about":[{"href":"http:\/\/sites.ecclesia.pt\/liturgia\/wp-json\/wp\/v2\/types\/post"}],"author":[{"embeddable":true,"href":"http:\/\/sites.ecclesia.pt\/liturgia\/wp-json\/wp\/v2\/users\/1"}],"replies":[{"embeddable":true,"href":"http:\/\/sites.ecclesia.pt\/liturgia\/wp-json\/wp\/v2\/comments?post=126884"}],"version-history":[{"count":5,"href":"http:\/\/sites.ecclesia.pt\/liturgia\/wp-json\/wp\/v2\/posts\/126884\/revisions"}],"predecessor-version":[{"id":199727,"href":"http:\/\/sites.ecclesia.pt\/liturgia\/wp-json\/wp\/v2\/posts\/126884\/revisions\/199727"}],"wp:featuredmedia":[{"embeddable":true,"href":"http:\/\/sites.ecclesia.pt\/liturgia\/wp-json\/wp\/v2\/media\/162720"}],"wp:attachment":[{"href":"http:\/\/sites.ecclesia.pt\/liturgia\/wp-json\/wp\/v2\/media?parent=126884"}],"wp:term":[{"taxonomy":"category","embeddable":true,"href":"http:\/\/sites.ecclesia.pt\/liturgia\/wp-json\/wp\/v2\/categories?post=126884"},{"taxonomy":"post_tag","embeddable":true,"href":"http:\/\/sites.ecclesia.pt\/liturgia\/wp-json\/wp\/v2\/tags?post=126884"}],"curies":[{"name":"wp","href":"https:\/\/api.w.org\/{rel}","templated":true}]}}