{"id":132809,"date":"2019-04-05T15:30:34","date_gmt":"2019-04-05T14:30:34","guid":{"rendered":"https:\/\/agencia.ecclesia.pt\/portal\/?p=132809"},"modified":"2021-02-25T17:36:18","modified_gmt":"2021-02-25T17:36:18","slug":"ano-c-05o-domingo-da-quaresma","status":"publish","type":"post","link":"http:\/\/sites.ecclesia.pt\/liturgia\/ano-c-05o-domingo-da-quaresma\/","title":{"rendered":"Ano C &#8211; 05.\u00ba Domingo da Quaresma &#8211; Programa Ecclesia"},"content":{"rendered":"<p><iframe loading=\"lazy\" title=\"Coment\u00e1rio \u00e0 liturgia do 5.\u00ba domingo da Quaresma pelos padres Lu\u00eds Leal de Jo\u00e3o Louren\u00e7o\" width=\"1080\" height=\"608\" src=\"https:\/\/www.youtube.com\/embed\/pTdnsmvVUyQ?feature=oembed\" frameborder=\"0\" allow=\"accelerometer; autoplay; encrypted-media; gyroscope; picture-in-picture\" allowfullscreen><\/iframe><\/p>\n<p>Programa Ecclesia do dia 05 de abril de 2019<\/p>\n","protected":false},"excerpt":{"rendered":"<p>Programa Ecclesia do dia 05 de abril de 2019<\/p>\n","protected":false},"author":1,"featured_media":162683,"comment_status":"closed","ping_status":"open","sticky":false,"template":"","format":"standard","meta":{"_et_pb_use_builder":"","_et_pb_old_content":"","_et_gb_content_width":"","footnotes":""},"categories":[116],"tags":[104],"class_list":["post-132809","post","type-post","status-publish","format-standard","has-post-thumbnail","hentry","category-c-quaresma","tag-programa-ecclesia"],"_links":{"self":[{"href":"http:\/\/sites.ecclesia.pt\/liturgia\/wp-json\/wp\/v2\/posts\/132809","targetHints":{"allow":["GET"]}}],"collection":[{"href":"http:\/\/sites.ecclesia.pt\/liturgia\/wp-json\/wp\/v2\/posts"}],"about":[{"href":"http:\/\/sites.ecclesia.pt\/liturgia\/wp-json\/wp\/v2\/types\/post"}],"author":[{"embeddable":true,"href":"http:\/\/sites.ecclesia.pt\/liturgia\/wp-json\/wp\/v2\/users\/1"}],"replies":[{"embeddable":true,"href":"http:\/\/sites.ecclesia.pt\/liturgia\/wp-json\/wp\/v2\/comments?post=132809"}],"version-history":[{"count":5,"href":"http:\/\/sites.ecclesia.pt\/liturgia\/wp-json\/wp\/v2\/posts\/132809\/revisions"}],"predecessor-version":[{"id":199758,"href":"http:\/\/sites.ecclesia.pt\/liturgia\/wp-json\/wp\/v2\/posts\/132809\/revisions\/199758"}],"wp:featuredmedia":[{"embeddable":true,"href":"http:\/\/sites.ecclesia.pt\/liturgia\/wp-json\/wp\/v2\/media\/162683"}],"wp:attachment":[{"href":"http:\/\/sites.ecclesia.pt\/liturgia\/wp-json\/wp\/v2\/media?parent=132809"}],"wp:term":[{"taxonomy":"category","embeddable":true,"href":"http:\/\/sites.ecclesia.pt\/liturgia\/wp-json\/wp\/v2\/categories?post=132809"},{"taxonomy":"post_tag","embeddable":true,"href":"http:\/\/sites.ecclesia.pt\/liturgia\/wp-json\/wp\/v2\/tags?post=132809"}],"curies":[{"name":"wp","href":"https:\/\/api.w.org\/{rel}","templated":true}]}}