{"id":140899,"date":"2019-06-22T12:14:14","date_gmt":"2019-06-22T12:14:14","guid":{"rendered":"https:\/\/agencia.ecclesia.pt\/portal\/?p=140899"},"modified":"2020-03-12T14:33:27","modified_gmt":"2020-03-12T14:33:27","slug":"ano-c-12o-domingo-do-tempo-comum-dehonianos","status":"publish","type":"post","link":"http:\/\/sites.ecclesia.pt\/liturgia\/ano-c-12o-domingo-do-tempo-comum-dehonianos\/","title":{"rendered":"Ano C &#8211; 12.\u00ba Domingo do Tempo Comum &#8211; Dehonianos"},"content":{"rendered":"<p><iframe loading=\"lazy\" title=\"Ano C - 12.\u00ba Domingo do Tempo Comum\" width=\"1080\" height=\"608\" src=\"https:\/\/www.youtube.com\/embed\/F6K4HRut5T0?feature=oembed\" frameborder=\"0\" allow=\"accelerometer; autoplay; encrypted-media; gyroscope; picture-in-picture\" allowfullscreen><\/iframe><\/p>\n<p><em>E v\u00f3s, quem dizeis que Eu sou?<\/em><\/p>\n<p><!--more--><\/p>\n<p>O Evangelho deste 12.\u00ba domingo do Tempo Comum confronta-nos com a pergunta de Jesus: \u00abE v\u00f3s, quem dizeis que Eu sou?\u00bb. Paralelamente, apresenta o caminho messi\u00e2nico de Jesus, n\u00e3o como um caminho de gl\u00f3ria e de triunfos humanos, mas como um caminho de amor e de cruz. Conhecer Jesus \u00e9 aderir a Ele e segui-l\u2019O nesse caminho de entrega, de doa\u00e7\u00e3o, de amor total.<\/p>\n<p>\u00c9 nesta tonalidade que devem ser escutadas as outras leituras. A Profecia de Zacarias apresenta-nos um misterioso profeta trespassado, cuja entrega trouxe convers\u00e3o e purifica\u00e7\u00e3o para os seus concidad\u00e3os. Revela que o caminho da entrega n\u00e3o \u00e9 um caminho de fracasso, mas um caminho que gera vida nova para n\u00f3s e para os outros. A Carta aos G\u00e1latas insiste que o crist\u00e3o deve revestir-se de Jesus, renunciar ao ego\u00edsmo e ao orgulho e percorrer o caminho do amor e do dom da vida. Esse caminho faz dos crentes uma \u00fanica fam\u00edlia de irm\u00e3os, iguais em dignidade e herdeiros da vida em plenitude.<\/p>\n<p>Centremos o nosso olhar no Evangelho, que define a exist\u00eancia crist\u00e3 como um tomar a cruz do amor, da doa\u00e7\u00e3o, da entrega aos irm\u00e3os. Sup\u00f5e uma exist\u00eancia vivida na simplicidade, no servi\u00e7o humilde, na generosidade, no esquecimento de si para se fazer dom aos outros. \u00c9 esse o caminho que eu devo percorrer, para ser fiel ao seguimento de Cristo.<\/p>\n<p>\u00abQuem dizem as multid\u00f5es que Eu sou?\u00bb. \u00c9 a primeira pergunta de Jesus. \u00abE v\u00f3s, quem dizeis que Eu sou?\u00bb. \u00c9 a segunda pergunta a comprometer tudo o que somos e fazemos.<\/p>\n<p>Quem \u00e9 Jesus, para n\u00f3s? \u00c9 algu\u00e9m que conhecemos das f\u00f3rmulas do catecismo ou dos livros de teologia, sobre quem sabemos dizer coisas que aprendemos nos livros? Ou \u00e9 algu\u00e9m que est\u00e1 no centro da nossa exist\u00eancia, cuja vida circula em n\u00f3s e nos transforma, com quem dialogamos, com quem nos identificamos e a quem amamos?<\/p>\n<p>S\u00f3 na ora\u00e7\u00e3o de encontro confiante com Deus podemos perceber a sua vontade e encontrar o caminho do amor e do dom da vida. Nos momentos das decis\u00f5es importantes da nossa vida, precisamos de dialogar com Deus e de escutar o que Ele tem para nos dizer.<\/p>\n<p>Jesus continua a questionar-nos. Que dizemos n\u00f3s de Jesus, diante de Deus, no mais secreto do nosso ser? Que dizemos n\u00f3s de Jesus, em fam\u00edlia, aos filhos, aos amigos, aos irm\u00e3os? Quando a ocasi\u00e3o se apresenta, no nosso trabalho, nas nossas rela\u00e7\u00f5es sociais e em tantos espa\u00e7os habitados da sociedade, ousamos anunciar claramente quem somos ou temos receio de dizer que somos de Cristo?<\/p>\n<p>Que o Ano Mission\u00e1rio que estamos a viver continue a ser um tempo precioso para renovar os nossos encontros com Jesus Cristo, homem admir\u00e1vel e Deus ador\u00e1vel, e com os irm\u00e3os. \u00c9 nessa ades\u00e3o a Jesus Cristo que somos verdadeiramente disc\u00edpulos mission\u00e1rios!<\/p>\n<p><em>Manuel Barbosa, scj<\/em><br \/>\n<em>www.dehonianos.org<\/em><\/p>\n","protected":false},"excerpt":{"rendered":"<p>E v\u00f3s, quem dizeis que Eu sou?<\/p>\n","protected":false},"author":1,"featured_media":162660,"comment_status":"closed","ping_status":"open","sticky":false,"template":"","format":"standard","meta":{"_et_pb_use_builder":"","_et_pb_old_content":"","_et_gb_content_width":"","footnotes":""},"categories":[102],"tags":[107],"class_list":["post-140899","post","type-post","status-publish","format-standard","has-post-thumbnail","hentry","category-c-tempo-comum","tag-dehonianos"],"_links":{"self":[{"href":"http:\/\/sites.ecclesia.pt\/liturgia\/wp-json\/wp\/v2\/posts\/140899","targetHints":{"allow":["GET"]}}],"collection":[{"href":"http:\/\/sites.ecclesia.pt\/liturgia\/wp-json\/wp\/v2\/posts"}],"about":[{"href":"http:\/\/sites.ecclesia.pt\/liturgia\/wp-json\/wp\/v2\/types\/post"}],"author":[{"embeddable":true,"href":"http:\/\/sites.ecclesia.pt\/liturgia\/wp-json\/wp\/v2\/users\/1"}],"replies":[{"embeddable":true,"href":"http:\/\/sites.ecclesia.pt\/liturgia\/wp-json\/wp\/v2\/comments?post=140899"}],"version-history":[{"count":3,"href":"http:\/\/sites.ecclesia.pt\/liturgia\/wp-json\/wp\/v2\/posts\/140899\/revisions"}],"predecessor-version":[{"id":164117,"href":"http:\/\/sites.ecclesia.pt\/liturgia\/wp-json\/wp\/v2\/posts\/140899\/revisions\/164117"}],"wp:featuredmedia":[{"embeddable":true,"href":"http:\/\/sites.ecclesia.pt\/liturgia\/wp-json\/wp\/v2\/media\/162660"}],"wp:attachment":[{"href":"http:\/\/sites.ecclesia.pt\/liturgia\/wp-json\/wp\/v2\/media?parent=140899"}],"wp:term":[{"taxonomy":"category","embeddable":true,"href":"http:\/\/sites.ecclesia.pt\/liturgia\/wp-json\/wp\/v2\/categories?post=140899"},{"taxonomy":"post_tag","embeddable":true,"href":"http:\/\/sites.ecclesia.pt\/liturgia\/wp-json\/wp\/v2\/tags?post=140899"}],"curies":[{"name":"wp","href":"https:\/\/api.w.org\/{rel}","templated":true}]}}