{"id":144697,"date":"2019-07-20T12:00:14","date_gmt":"2019-07-20T12:00:14","guid":{"rendered":"https:\/\/agencia.ecclesia.pt\/portal\/?p=144697"},"modified":"2020-03-12T14:32:57","modified_gmt":"2020-03-12T14:32:57","slug":"ano-c-16-o-domingo-do-tempo-comum","status":"publish","type":"post","link":"http:\/\/sites.ecclesia.pt\/liturgia\/ano-c-16-o-domingo-do-tempo-comum\/","title":{"rendered":"Ano C &#8211; 16.\u00ba Domingo do Tempo Comum &#8211; Dehonianos"},"content":{"rendered":"<p><iframe loading=\"lazy\" title=\"Ano C - 16.\u00ba domingo do Tempo Comum. Coment\u00e1rio do padre Manuel Barbosa, scj\" width=\"1080\" height=\"608\" src=\"https:\/\/www.youtube.com\/embed\/1lhjovIKkOg?feature=oembed\" frameborder=\"0\" allow=\"accelerometer; autoplay; encrypted-media; gyroscope; picture-in-picture\" allowfullscreen><\/iframe><\/p>\n<p><em>Acolher bem e servir melhor<\/em><\/p>\n<p><!--more--><\/p>\n<p>Hospitalidade, acolhimento, servi\u00e7o. S\u00e3o as atitudes propostas nas leituras deste 16.\u00ba domingo do Tempo Comum, que s\u00f3 fazem pleno sentido a partir de um verdadeiro encontro com Jesus e na escuta da Palavra de Deus.<\/p>\n<p>Recebemos hoje tr\u00eas exemplos destas atitudes: o patriarca Abra\u00e3o, modelo do homem que est\u00e1 atento a quem passa, que partilha tudo o que tem com o irm\u00e3o que se atravessa no seu caminho e que encontra no h\u00f3spede que entra na sua tenda a figura do pr\u00f3prio Deus; o ap\u00f3stolo Paulo, para quem Cristo, na sua vida, palavras e propostas, \u00e9 a refer\u00eancia fundamental \u00e0 volta da qual se constr\u00f3i toda a vida; Maria, a indicar que acolher Deus na sua casa n\u00e3o \u00e9 tanto embarcar num ativismo desenfreado, mas sentar-se aos p\u00e9s de Jesus, para O escutar e acolher.<\/p>\n<p>Esta p\u00e1gina do Evangelho sobre Maria e Marta serviu, muitas vezes, para rebaixar a vida ativa, simbolizada por Marta, e ressaltar a vida contemplativa, simbolizada por Maria. Esta distin\u00e7\u00e3o n\u00e3o estava no esp\u00edrito de Jesus nem do evangelista Lucas.<\/p>\n<p>Recordemos as palavras de Jesus: \u201cMarta, Marta, andas inquieta e preocupada com muitas coisas, quando uma s\u00f3 \u00e9 necess\u00e1ria. Maria escolheu a melhor parte, que n\u00e3o lhe ser\u00e1 tirada\u201d.<\/p>\n<p>Com esta afirma\u00e7\u00e3o, Jesus n\u00e3o despreza o trabalho de Marta. Ele quer chamar a aten\u00e7\u00e3o para aquilo que \u00e9 o mais importante de tudo: \u201cO homem n\u00e3o vive s\u00f3 de p\u00e3o, mas de toda a Palavra que sai da boca de Deus\u201d. O p\u00e3o para o corpo \u00e9 indispens\u00e1vel, a Palavra de Deus \u00e9 ainda mais vital para aquele que quer encontrar o verdadeiro sentido da sua vida.<\/p>\n<p>A autenticidade da nossa contempla\u00e7\u00e3o verifica-se pela qualidade do nosso empenho na constru\u00e7\u00e3o de rela\u00e7\u00f5es fraternas, em amar como Deus nos ama. Colocar-nos na escuta da Palavra de Deus reenvia-nos \u00e0 nossa vida quotidiana. \u00c9 \u00e0 luz de Jesus que poderemos colocar-nos na escuta verdadeira dos outros e no seu acolhimento.<\/p>\n<p>Reservar tempo para escutar a Palavra, para nos retirarmos no segredo do nosso cora\u00e7\u00e3o e para rezar n\u00e3o \u00e9 perder tempo. \u00c9 enraizar a nossa a\u00e7\u00e3o no \u00fanico terreno capaz de a vivificar verdadeiramente, para que ela d\u00ea fruto na vida eterna.<\/p>\n<p>Ao longo desta semana, procuremos acolher e servir, sempre na escuta da Palavra (nunca \u00e9 demais repetir!), aos p\u00e9s de Jesus e no seu Cora\u00e7\u00e3o. N\u00e3o \u00e9 preciso opor Marta e Maria, mas uni-las, vivificar o servi\u00e7o de uma pela escuta atenta da outra.<\/p>\n<p>Este tempo de ver\u00e3o pode ser prop\u00edcio para recentrar os andamentos da nossa vida neste essencial encontro com Cristo, do qual decorrem as atitudes de acolher bem e servir melhor.<\/p>\n<p><em>Manuel Barbosa, scj<\/em><br \/>\n<em><a href=\"http:\/\/www.dehonianos.org\">www.dehonianos.org<\/a><\/em><\/p>\n<p>&nbsp;<\/p>\n","protected":false},"excerpt":{"rendered":"<p>Acolher bem e servir melhor<\/p>\n","protected":false},"author":1,"featured_media":144749,"comment_status":"closed","ping_status":"open","sticky":false,"template":"","format":"standard","meta":{"_et_pb_use_builder":"","_et_pb_old_content":"","_et_gb_content_width":"","footnotes":""},"categories":[102],"tags":[107],"class_list":["post-144697","post","type-post","status-publish","format-standard","has-post-thumbnail","hentry","category-c-tempo-comum","tag-dehonianos"],"_links":{"self":[{"href":"http:\/\/sites.ecclesia.pt\/liturgia\/wp-json\/wp\/v2\/posts\/144697","targetHints":{"allow":["GET"]}}],"collection":[{"href":"http:\/\/sites.ecclesia.pt\/liturgia\/wp-json\/wp\/v2\/posts"}],"about":[{"href":"http:\/\/sites.ecclesia.pt\/liturgia\/wp-json\/wp\/v2\/types\/post"}],"author":[{"embeddable":true,"href":"http:\/\/sites.ecclesia.pt\/liturgia\/wp-json\/wp\/v2\/users\/1"}],"replies":[{"embeddable":true,"href":"http:\/\/sites.ecclesia.pt\/liturgia\/wp-json\/wp\/v2\/comments?post=144697"}],"version-history":[{"count":3,"href":"http:\/\/sites.ecclesia.pt\/liturgia\/wp-json\/wp\/v2\/posts\/144697\/revisions"}],"predecessor-version":[{"id":164114,"href":"http:\/\/sites.ecclesia.pt\/liturgia\/wp-json\/wp\/v2\/posts\/144697\/revisions\/164114"}],"wp:featuredmedia":[{"embeddable":true,"href":"http:\/\/sites.ecclesia.pt\/liturgia\/wp-json\/"}],"wp:attachment":[{"href":"http:\/\/sites.ecclesia.pt\/liturgia\/wp-json\/wp\/v2\/media?parent=144697"}],"wp:term":[{"taxonomy":"category","embeddable":true,"href":"http:\/\/sites.ecclesia.pt\/liturgia\/wp-json\/wp\/v2\/categories?post=144697"},{"taxonomy":"post_tag","embeddable":true,"href":"http:\/\/sites.ecclesia.pt\/liturgia\/wp-json\/wp\/v2\/tags?post=144697"}],"curies":[{"name":"wp","href":"https:\/\/api.w.org\/{rel}","templated":true}]}}