{"id":150944,"date":"2019-10-12T12:00:43","date_gmt":"2019-10-12T12:00:43","guid":{"rendered":"https:\/\/agencia.ecclesia.pt\/portal\/?p=150944"},"modified":"2020-03-12T14:30:31","modified_gmt":"2020-03-12T14:30:31","slug":"ano-c-28o-domingo-do-tempo-comum-dehonianos","status":"publish","type":"post","link":"http:\/\/sites.ecclesia.pt\/liturgia\/ano-c-28o-domingo-do-tempo-comum-dehonianos\/","title":{"rendered":"Ano C &#8211; 28.\u00ba Domingo do Tempo Comum &#8211; Dehonianos"},"content":{"rendered":"<p><iframe loading=\"lazy\" title=\"28.\u00ba domingo do Tempo Comum - Ano C\" width=\"1080\" height=\"608\" src=\"https:\/\/www.youtube.com\/embed\/vJq_AxyencM?feature=oembed\" frameborder=\"0\" allow=\"accelerometer; autoplay; encrypted-media; gyroscope; picture-in-picture\" allowfullscreen><\/iframe><\/p>\n<p><em>Agradecer a f\u00e9 que nos salva em Cristo<\/em><\/p>\n<p><!--more--><\/p>\n<p>Neste vig\u00e9simo oitavo domingo do Tempo Comum, o evangelista Lucas tem como objetivo fundamental apresentar Jesus como o Deus que Se torna pessoa para trazer, com gestos concretos, uma proposta de vida nova e de liberta\u00e7\u00e3o para todos, particularmente os oprimidos e marginalizados. O epis\u00f3dio dos dez leprosos, exclusivo de Lucas, insere-se nesta perspetiva.<\/p>\n<p>O n\u00famero dez tem o significado simb\u00f3lico da totalidade. O juda\u00edsmo considerava necess\u00e1rio que pelo menos dez homens estivessem presentes, a fim de que a ora\u00e7\u00e3o comunit\u00e1ria pudesse ter lugar, porque o dez representava a totalidade da comunidade.<\/p>\n<p>A presen\u00e7a de um samaritano no grupo indica que essa salva\u00e7\u00e3o oferecida por Deus em Jesus n\u00e3o se destina apenas \u00e0 comunidade do povo eleito, mas a todas as pessoas sem exce\u00e7\u00e3o, mesmo \u00e0quelas que o juda\u00edsmo oficial considerava definitivamente afastadas da salva\u00e7\u00e3o.<\/p>\n<p>Mas o destaque do epis\u00f3dio de hoje est\u00e1 no facto de s\u00f3 um dez leprosos curados ter voltado atr\u00e1s para agradecer a Jesus e no facto de este ser um samaritano. Lucas est\u00e1 interessado em mostrar que quem recebe a salva\u00e7\u00e3o deve reconhecer o dom de Deus e estar agradecido. E avisa que, com frequ\u00eancia, os que est\u00e3o mais atentos aos dons de Deus s\u00e3o os hereges, os marginais, os desprezados, aqueles que a teologia oficial considera \u00e0 margem da salva\u00e7\u00e3o.<\/p>\n<p>H\u00e1 aqui, certamente, uma alus\u00e3o \u00e0 autossufici\u00eancia dos judeus que, por se sentirem povo eleito, achavam natural que Deus os cumulasse dos seus dons; no entanto, n\u00e3o reconheceram a proposta de salva\u00e7\u00e3o que Deus lhes estava a oferecer atrav\u00e9s de Jesus. H\u00e1 tamb\u00e9m um apelo aos disc\u00edpulos de Jesus, a todos n\u00f3s hoje, para que n\u00e3o ignoremos o dom de Deus e saibamos responder-Lhe com gratid\u00e3o e f\u00e9, entendida como ades\u00e3o a Jesus e \u00e0 sua proposta de salva\u00e7\u00e3o.<\/p>\n<p>Curiosamente, os dez leprosos n\u00e3o s\u00e3o curados imediatamente por Jesus, mas a lepra desaparece no caminho, quando iam mostrar-se aos sacerdotes. \u00abLevanta-te e segue o teu caminho; a tua f\u00e9 te salvou\u00bb, s\u00e3o as palavras finais do Evangelho. Isto sugere que a a\u00e7\u00e3o libertadora de Jesus n\u00e3o \u00e9 uma a\u00e7\u00e3o m\u00e1gica, ca\u00edda repentinamente do c\u00e9u, mas um processo progressivo de caminhada crist\u00e3, no qual o crente vai descobrindo e interiorizando os valores de Jesus, at\u00e9 chegar \u00e0 ades\u00e3o plena \u00e0s suas propostas e \u00e0 efetiva transforma\u00e7\u00e3o do cora\u00e7\u00e3o. A nossa cura n\u00e3o \u00e9 um momento m\u00e1gico que acontece quando somos batizados, ou fazemos a primeira comunh\u00e3o ou nos crismamos; mas \u00e9 uma caminhada progressiva, durante a qual descobrimos Cristo e nascemos para a vida nova.<\/p>\n<p>Acolhamos no cora\u00e7\u00e3o este apelo essencial da Palavra de Deus a nos dizer que a f\u00e9 que nos salva deve ser agradecida e praticada nos caminhos de encontro de Cristo nas nossas vidas.<\/p>\n<p><em>Manuel Barbosa, scj<\/em><br \/>\n<em>www.dehonianos.org<\/em><\/p>\n","protected":false},"excerpt":{"rendered":"<p>Agradecer a f\u00e9 que nos salva em Cristo<\/p>\n","protected":false},"author":1,"featured_media":162566,"comment_status":"closed","ping_status":"open","sticky":false,"template":"","format":"standard","meta":{"_et_pb_use_builder":"","_et_pb_old_content":"","_et_gb_content_width":"","footnotes":""},"categories":[102],"tags":[107],"class_list":["post-150944","post","type-post","status-publish","format-standard","has-post-thumbnail","hentry","category-c-tempo-comum","tag-dehonianos"],"_links":{"self":[{"href":"http:\/\/sites.ecclesia.pt\/liturgia\/wp-json\/wp\/v2\/posts\/150944","targetHints":{"allow":["GET"]}}],"collection":[{"href":"http:\/\/sites.ecclesia.pt\/liturgia\/wp-json\/wp\/v2\/posts"}],"about":[{"href":"http:\/\/sites.ecclesia.pt\/liturgia\/wp-json\/wp\/v2\/types\/post"}],"author":[{"embeddable":true,"href":"http:\/\/sites.ecclesia.pt\/liturgia\/wp-json\/wp\/v2\/users\/1"}],"replies":[{"embeddable":true,"href":"http:\/\/sites.ecclesia.pt\/liturgia\/wp-json\/wp\/v2\/comments?post=150944"}],"version-history":[{"count":2,"href":"http:\/\/sites.ecclesia.pt\/liturgia\/wp-json\/wp\/v2\/posts\/150944\/revisions"}],"predecessor-version":[{"id":164103,"href":"http:\/\/sites.ecclesia.pt\/liturgia\/wp-json\/wp\/v2\/posts\/150944\/revisions\/164103"}],"wp:featuredmedia":[{"embeddable":true,"href":"http:\/\/sites.ecclesia.pt\/liturgia\/wp-json\/wp\/v2\/media\/162566"}],"wp:attachment":[{"href":"http:\/\/sites.ecclesia.pt\/liturgia\/wp-json\/wp\/v2\/media?parent=150944"}],"wp:term":[{"taxonomy":"category","embeddable":true,"href":"http:\/\/sites.ecclesia.pt\/liturgia\/wp-json\/wp\/v2\/categories?post=150944"},{"taxonomy":"post_tag","embeddable":true,"href":"http:\/\/sites.ecclesia.pt\/liturgia\/wp-json\/wp\/v2\/tags?post=150944"}],"curies":[{"name":"wp","href":"https:\/\/api.w.org\/{rel}","templated":true}]}}