{"id":154906,"date":"2019-11-22T15:54:21","date_gmt":"2019-11-22T15:54:21","guid":{"rendered":"https:\/\/agencia.ecclesia.pt\/portal\/?p=154906"},"modified":"2020-03-12T17:50:34","modified_gmt":"2020-03-12T17:50:34","slug":"ano-c-solenidade-de-cristo-rei-programa-ecclesia","status":"publish","type":"post","link":"http:\/\/sites.ecclesia.pt\/liturgia\/ano-c-solenidade-de-cristo-rei-programa-ecclesia\/","title":{"rendered":"Ano C &#8211; Solenidade de Cristo Rei &#8211; Programa Ecclesia"},"content":{"rendered":"<p><iframe loading=\"lazy\" title=\"Comenta\u0301rio a\u0300 liturgia da Solenidade de Cristo Rei pelo padre Ricardo Concei\u00e7\u00e3o e frei Jos\u00e9 Nunes\" width=\"1080\" height=\"608\" src=\"https:\/\/www.youtube.com\/embed\/rGZC71dLQCw?feature=oembed\" frameborder=\"0\" allow=\"accelerometer; autoplay; encrypted-media; gyroscope; picture-in-picture\" allowfullscreen><\/iframe><\/p>\n<p>Programa Ecclesia do dia 22 de novembro de 2019<\/p>\n","protected":false},"excerpt":{"rendered":"<p>Programa Ecclesia do dia 22 de novembro de 2019<\/p>\n","protected":false},"author":1,"featured_media":162581,"comment_status":"closed","ping_status":"open","sticky":false,"template":"","format":"standard","meta":{"_et_pb_use_builder":"","_et_pb_old_content":"","_et_gb_content_width":"","footnotes":""},"categories":[115],"tags":[104],"class_list":["post-154906","post","type-post","status-publish","format-standard","has-post-thumbnail","hentry","category-c-solenidades-e-festas","tag-programa-ecclesia"],"_links":{"self":[{"href":"http:\/\/sites.ecclesia.pt\/liturgia\/wp-json\/wp\/v2\/posts\/154906","targetHints":{"allow":["GET"]}}],"collection":[{"href":"http:\/\/sites.ecclesia.pt\/liturgia\/wp-json\/wp\/v2\/posts"}],"about":[{"href":"http:\/\/sites.ecclesia.pt\/liturgia\/wp-json\/wp\/v2\/types\/post"}],"author":[{"embeddable":true,"href":"http:\/\/sites.ecclesia.pt\/liturgia\/wp-json\/wp\/v2\/users\/1"}],"replies":[{"embeddable":true,"href":"http:\/\/sites.ecclesia.pt\/liturgia\/wp-json\/wp\/v2\/comments?post=154906"}],"version-history":[{"count":2,"href":"http:\/\/sites.ecclesia.pt\/liturgia\/wp-json\/wp\/v2\/posts\/154906\/revisions"}],"predecessor-version":[{"id":164209,"href":"http:\/\/sites.ecclesia.pt\/liturgia\/wp-json\/wp\/v2\/posts\/154906\/revisions\/164209"}],"wp:featuredmedia":[{"embeddable":true,"href":"http:\/\/sites.ecclesia.pt\/liturgia\/wp-json\/wp\/v2\/media\/162581"}],"wp:attachment":[{"href":"http:\/\/sites.ecclesia.pt\/liturgia\/wp-json\/wp\/v2\/media?parent=154906"}],"wp:term":[{"taxonomy":"category","embeddable":true,"href":"http:\/\/sites.ecclesia.pt\/liturgia\/wp-json\/wp\/v2\/categories?post=154906"},{"taxonomy":"post_tag","embeddable":true,"href":"http:\/\/sites.ecclesia.pt\/liturgia\/wp-json\/wp\/v2\/tags?post=154906"}],"curies":[{"name":"wp","href":"https:\/\/api.w.org\/{rel}","templated":true}]}}