{"id":156368,"date":"2019-12-06T15:28:49","date_gmt":"2019-12-06T15:28:49","guid":{"rendered":"https:\/\/agencia.ecclesia.pt\/portal\/?p=156368"},"modified":"2020-03-12T17:42:22","modified_gmt":"2020-03-12T17:42:22","slug":"ano-a-solenidade-da-imaculada-conceicao-lgp","status":"publish","type":"post","link":"http:\/\/sites.ecclesia.pt\/liturgia\/ano-a-solenidade-da-imaculada-conceicao-lgp\/","title":{"rendered":"Ano A &#8211; Solenidade da Imaculada Concei\u00e7\u00e3o &#8211; LGP"},"content":{"rendered":"<p><iframe loading=\"lazy\" title=\"Evangelho em l\u00edngua gestual portuguesa. Ano A - Solenidade da Imaculada Concei\u00e7\u00e3o\" width=\"1080\" height=\"608\" src=\"https:\/\/www.youtube.com\/embed\/bTK8iCSZ8A0?feature=oembed\" frameborder=\"0\" allow=\"accelerometer; autoplay; encrypted-media; gyroscope; picture-in-picture\" allowfullscreen><\/iframe><\/p>\n<p>&nbsp;<\/p>\n<p>&nbsp;<\/p>\n","protected":false},"excerpt":{"rendered":"<p>&nbsp; &nbsp;<\/p>\n","protected":false},"author":1,"featured_media":162592,"comment_status":"closed","ping_status":"open","sticky":false,"template":"","format":"standard","meta":{"_et_pb_use_builder":"","_et_pb_old_content":"","_et_gb_content_width":"","footnotes":""},"categories":[119],"tags":[108],"class_list":["post-156368","post","type-post","status-publish","format-standard","has-post-thumbnail","hentry","category-a-solenidades-e-festas","tag-lingua-gestual-portuguesa"],"_links":{"self":[{"href":"http:\/\/sites.ecclesia.pt\/liturgia\/wp-json\/wp\/v2\/posts\/156368","targetHints":{"allow":["GET"]}}],"collection":[{"href":"http:\/\/sites.ecclesia.pt\/liturgia\/wp-json\/wp\/v2\/posts"}],"about":[{"href":"http:\/\/sites.ecclesia.pt\/liturgia\/wp-json\/wp\/v2\/types\/post"}],"author":[{"embeddable":true,"href":"http:\/\/sites.ecclesia.pt\/liturgia\/wp-json\/wp\/v2\/users\/1"}],"replies":[{"embeddable":true,"href":"http:\/\/sites.ecclesia.pt\/liturgia\/wp-json\/wp\/v2\/comments?post=156368"}],"version-history":[{"count":3,"href":"http:\/\/sites.ecclesia.pt\/liturgia\/wp-json\/wp\/v2\/posts\/156368\/revisions"}],"predecessor-version":[{"id":164163,"href":"http:\/\/sites.ecclesia.pt\/liturgia\/wp-json\/wp\/v2\/posts\/156368\/revisions\/164163"}],"wp:featuredmedia":[{"embeddable":true,"href":"http:\/\/sites.ecclesia.pt\/liturgia\/wp-json\/wp\/v2\/media\/162592"}],"wp:attachment":[{"href":"http:\/\/sites.ecclesia.pt\/liturgia\/wp-json\/wp\/v2\/media?parent=156368"}],"wp:term":[{"taxonomy":"category","embeddable":true,"href":"http:\/\/sites.ecclesia.pt\/liturgia\/wp-json\/wp\/v2\/categories?post=156368"},{"taxonomy":"post_tag","embeddable":true,"href":"http:\/\/sites.ecclesia.pt\/liturgia\/wp-json\/wp\/v2\/tags?post=156368"}],"curies":[{"name":"wp","href":"https:\/\/api.w.org\/{rel}","templated":true}]}}