{"id":157659,"date":"2019-12-21T11:10:10","date_gmt":"2019-12-21T11:10:10","guid":{"rendered":"https:\/\/agencia.ecclesia.pt\/portal\/?p=157659"},"modified":"2020-03-11T15:49:00","modified_gmt":"2020-03-11T15:49:00","slug":"ano-a-04o-domingo-do-advento","status":"publish","type":"post","link":"http:\/\/sites.ecclesia.pt\/liturgia\/ano-a-04o-domingo-do-advento\/","title":{"rendered":"Ano A &#8211; 04.\u00ba Domingo do Advento &#8211; Dehonianos"},"content":{"rendered":"<p><iframe loading=\"lazy\" title=\"Ano A - 4.\u00ba  domingo de Advento\" width=\"1080\" height=\"608\" src=\"https:\/\/www.youtube.com\/embed\/jmP5VyjKb_Y?feature=oembed\" frameborder=\"0\" allow=\"accelerometer; autoplay; encrypted-media; gyroscope; picture-in-picture\" allowfullscreen><\/iframe><\/p>\n<p><em>Acolher o Deus connosco<\/em><\/p>\n<p><!--more--><\/p>\n<p>O Evangelho do quarto domingo do Advento apresenta Jesus como a encarna\u00e7\u00e3o viva do Deus connosco. Cont\u00e9m um convite impl\u00edcito a acolhermos de bra\u00e7os abertos a proposta de salva\u00e7\u00e3o que Ele traz e a deixarmo-nos transformar por ela.<\/p>\n<p>No epis\u00f3dio de hoje temos, n\u00e3o uma descri\u00e7\u00e3o de factos hist\u00f3ricos, mas uma catequese sobre Jesus. Fundamentalmente, procura-se mostrar que Jesus, o Messias, vem de Deus, isto \u00e9, a sua origem \u00e9 divina. Procura-se ensinar qual ser\u00e1 a miss\u00e3o de Jesus: o nome que Lhe \u00e9 atribu\u00eddo mostra que Ele vem de Deus com uma proposta de salva\u00e7\u00e3o para toda a humanidade.<\/p>\n<p>A figura de Jos\u00e9 desempenha aqui um papel muito interessante. Pela sua obedi\u00eancia, a quem o anjo se dirige como o filho de David, realizam-se os planos e as promessas de Deus ao seu Povo.<\/p>\n<p>A festa do Natal que se aproxima deve ser o encontro de cada um de n\u00f3s com Deus que vem ao nosso encontro, um encontro que s\u00f3 ser\u00e1 poss\u00edvel se tivermos o cora\u00e7\u00e3o dispon\u00edvel para O acolher e para abra\u00e7ar a proposta que Ele nos faz.<\/p>\n<p>Com frequ\u00eancia, o Natal \u00e9 a festa pag\u00e3 do consumismo, das prendas obrigat\u00f3rias, da refei\u00e7\u00e3o melhorada, das tradi\u00e7\u00f5es familiares que t\u00eam de ser respeitadas mesmo quando n\u00e3o significam muito.<\/p>\n<p>N\u00f3s, crist\u00e3os, celebramos o Natal, preparado no nosso cora\u00e7\u00e3o, \u00e0 maneira pag\u00e3 ou como verdadeiro encontro com Deus libertador, cuja proposta de salva\u00e7\u00e3o estamos interessados em escutar e acolher? Mais ainda: no esbanjamento, na opul\u00eancia, no desperd\u00edcio, cometemos aut\u00eanticos atentados e pecados a tantos pobres e exclu\u00eddos de bens essenciais para viver ou sobreviver. E se calhar fazemos isso olhando para a simplicidade e a pobreza do pres\u00e9pio\u2026<\/p>\n<p>As figuras de Maria e de Jos\u00e9 a\u00ed est\u00e3o para nos apelar \u00e0 ess\u00eancia das coisas para quem prepara mesmo o Natal como deve ser: escutar os apelos de Deus, responder com um sim de disponibilidade total, de forma gratuita e sem fins lucrativos.<\/p>\n<p>Deus est\u00e1 sempre a dar-nos sinais quotidianos, mas n\u00f3s procuramos muitas vezes do lado do extraordin\u00e1rio. Raramente Deus est\u00e1 no extraordin\u00e1rio. O sinal que Ele nos oferece \u00e9 o de uma fam\u00edlia humana, como as nossas, em que Ele se faz corpo para ser \u201cDeus connosco\u201d.<\/p>\n<p>Que espa\u00e7o Lhe abrimos nas nossas vidas de homens e de mulheres para que o Sinal Admir\u00e1vel da sua Presen\u00e7a e do seu Amor seja leg\u00edvel para todos os que O procuram hoje?<\/p>\n<p>S\u00f3 com o cora\u00e7\u00e3o aberto a Deus poderemos acolher os irm\u00e3os. S\u00f3 deixando que Deus seja Natal nas nossas vidas poderemos ser Natal para os outros. Nem mais! M\u00e3os \u00e0 obra nestes dias que restam antes de celebrar o Natal de Jesus!<\/p>\n<p><em>Manuel Barbosa, scj<\/em><br \/>\n<em>www.dehonianos.org<\/em><\/p>\n","protected":false},"excerpt":{"rendered":"<p>Acolher o Deus connosco<\/p>\n","protected":false},"author":1,"featured_media":162600,"comment_status":"closed","ping_status":"open","sticky":false,"template":"","format":"standard","meta":{"_et_pb_use_builder":"","_et_pb_old_content":"","_et_gb_content_width":"","footnotes":""},"categories":[118],"tags":[107],"class_list":["post-157659","post","type-post","status-publish","format-standard","has-post-thumbnail","hentry","category-a-advento","tag-dehonianos"],"_links":{"self":[{"href":"http:\/\/sites.ecclesia.pt\/liturgia\/wp-json\/wp\/v2\/posts\/157659","targetHints":{"allow":["GET"]}}],"collection":[{"href":"http:\/\/sites.ecclesia.pt\/liturgia\/wp-json\/wp\/v2\/posts"}],"about":[{"href":"http:\/\/sites.ecclesia.pt\/liturgia\/wp-json\/wp\/v2\/types\/post"}],"author":[{"embeddable":true,"href":"http:\/\/sites.ecclesia.pt\/liturgia\/wp-json\/wp\/v2\/users\/1"}],"replies":[{"embeddable":true,"href":"http:\/\/sites.ecclesia.pt\/liturgia\/wp-json\/wp\/v2\/comments?post=157659"}],"version-history":[{"count":3,"href":"http:\/\/sites.ecclesia.pt\/liturgia\/wp-json\/wp\/v2\/posts\/157659\/revisions"}],"predecessor-version":[{"id":163920,"href":"http:\/\/sites.ecclesia.pt\/liturgia\/wp-json\/wp\/v2\/posts\/157659\/revisions\/163920"}],"wp:featuredmedia":[{"embeddable":true,"href":"http:\/\/sites.ecclesia.pt\/liturgia\/wp-json\/wp\/v2\/media\/162600"}],"wp:attachment":[{"href":"http:\/\/sites.ecclesia.pt\/liturgia\/wp-json\/wp\/v2\/media?parent=157659"}],"wp:term":[{"taxonomy":"category","embeddable":true,"href":"http:\/\/sites.ecclesia.pt\/liturgia\/wp-json\/wp\/v2\/categories?post=157659"},{"taxonomy":"post_tag","embeddable":true,"href":"http:\/\/sites.ecclesia.pt\/liturgia\/wp-json\/wp\/v2\/tags?post=157659"}],"curies":[{"name":"wp","href":"https:\/\/api.w.org\/{rel}","templated":true}]}}