{"id":159861,"date":"2020-01-18T12:00:27","date_gmt":"2020-01-18T12:00:27","guid":{"rendered":"https:\/\/agencia.ecclesia.pt\/portal\/?p=159861"},"modified":"2021-02-24T18:23:56","modified_gmt":"2021-02-24T18:23:56","slug":"ano-a-2-o-domingo-do-tempo-comum","status":"publish","type":"post","link":"http:\/\/sites.ecclesia.pt\/liturgia\/ano-a-2-o-domingo-do-tempo-comum\/","title":{"rendered":"Ano A &#8211; 02.\u00ba Domingo do Tempo Comum &#8211; Dehonianos"},"content":{"rendered":"<p><iframe loading=\"lazy\" title=\"Ano A - 2.\u00ba Domingo do Tempo Comum\" width=\"1080\" height=\"810\" src=\"https:\/\/www.youtube.com\/embed\/ioIbBjOzFI0?feature=oembed\" frameborder=\"0\" allow=\"accelerometer; autoplay; encrypted-media; gyroscope; picture-in-picture\" allowfullscreen><\/iframe><\/p>\n<p><em>Santos e felizes em Deus<\/em><\/p>\n<p><!--more--><\/p>\n<p>Logo a seguir ao Tempo de Natal, a liturgia deste segundo domingo do Tempo Comum coloca-nos a quest\u00e3o da voca\u00e7\u00e3o. Convida-nos a situ\u00e1-la no contexto do projeto de vida plena que Deus oferece aos homens e ao mundo, elegendo pessoas para serem testemunhas desse projeto.<\/p>\n<p>A primeira leitura de Isa\u00edas insere-nos no dinamismo dessa personagem misteriosa, o Servo de Deus, a quem Deus elegeu desde o seio materno. \u00abO Senhor falou-me, formou-me desde o seio materno, fez de mim seu servo, fez de mim a luz das na\u00e7\u00f5es, para levar Deus a todos\u00bb.<\/p>\n<p>N\u00e3o podemos ficar indiferentes a estas afirma\u00e7\u00f5es de apelo t\u00e3o terno de Deus a cada um de n\u00f3s. Um apelo \u00e0 ternura, ou, como diz o Papa Francisco, \u00e0 revolu\u00e7\u00e3o da ternura como marca das nossas vidas.<\/p>\n<p>A segunda leitura da Primeira Carta aos Cor\u00edntios apresenta-nos Paulo, chamado a recordar aos crist\u00e3os de Corinto e a todos n\u00f3s que somos \u00abchamados \u00e0 santidade\u00bb, chamados por Deus a viver realmente comprometidos com os valores do Reino, escolhidos como ap\u00f3stolos.<\/p>\n<p>A\u00ed est\u00e1 mais uma provoca\u00e7\u00e3o \u00e0 nossa consci\u00eancia de batizados, para praticarmos a santidade que nos transforma em disc\u00edpulos mission\u00e1rios enviados por Cristo a tantas situa\u00e7\u00f5es da vida, particularmente nas periferias existenciais.<\/p>\n<p>O Evangelho apresenta-nos Jesus, \u00abo Cordeiro de Deus que tira o pecado do mundo\u00bb. Ele \u00e9 o Deus que veio ao nosso encontro, investido de uma miss\u00e3o pelo Pai; e essa miss\u00e3o consiste em libertar os homens do pecado que oprime e n\u00e3o deixa ter acesso \u00e0 vida plena.<\/p>\n<p>A atitude para renovar a voca\u00e7\u00e3o s\u00f3 pode ser a mesma que \u00e9 rezada no Salmo: \u00abEcce venio, eu venho, Senhor, para fazer a vossa vontade. Aqui estou\u00bb.<\/p>\n<p>Acolher a Palavra que hoje nos \u00e9 servida \u00e9 tomar consci\u00eancia da voca\u00e7\u00e3o a que somos chamados e das suas implica\u00e7\u00f5es. N\u00e3o se trata de uma quest\u00e3o que apenas atinge e empenha algumas pessoas especiais, por vezes infelizmente consideradas aparte na comunidade eclesial, como os bispos, os padres, os frades e as freiras; trata-se de um desafio que Deus faz a cada um dos seus filhos, que a todos implica e compromete.<\/p>\n<p>Na origem da voca\u00e7\u00e3o est\u00e1 Deus: \u00e9 Ele que elege, que chama e que confia a cada um uma miss\u00e3o. A voca\u00e7\u00e3o implica essencialmente uma rela\u00e7\u00e3o de comunh\u00e3o, de intimidade, de proximidade da pessoa com Deus. Mas n\u00e3o se esgota nessa aproxima\u00e7\u00e3o. \u00c9 sempre em ordem a testemunharmos Deus, mesmo quando se trata de uma voca\u00e7\u00e3o contemplativa.<\/p>\n<p>Neste dia e durante a pr\u00f3xima semana, pensemos e rezemos a nossa voca\u00e7\u00e3o. E rezemos pela fidelidade \u00e0 resposta que demos a Deus desde o nosso batismo. S\u00f3 assim seremos santos e felizes em Deus.<\/p>\n<p><em>Manuel Barbosa, scj<\/em><br \/>\n<em>www.dehonianos.org<\/em><\/p>\n","protected":false},"excerpt":{"rendered":"<p>Santos e felizes em Deus<\/p>\n","protected":false},"author":1,"featured_media":162613,"comment_status":"closed","ping_status":"closed","sticky":false,"template":"","format":"standard","meta":{"_et_pb_use_builder":"","_et_pb_old_content":"","_et_gb_content_width":"","footnotes":""},"categories":[105],"tags":[107],"class_list":["post-159861","post","type-post","status-publish","format-standard","has-post-thumbnail","hentry","category-a-tempo-comum","tag-dehonianos"],"_links":{"self":[{"href":"http:\/\/sites.ecclesia.pt\/liturgia\/wp-json\/wp\/v2\/posts\/159861","targetHints":{"allow":["GET"]}}],"collection":[{"href":"http:\/\/sites.ecclesia.pt\/liturgia\/wp-json\/wp\/v2\/posts"}],"about":[{"href":"http:\/\/sites.ecclesia.pt\/liturgia\/wp-json\/wp\/v2\/types\/post"}],"author":[{"embeddable":true,"href":"http:\/\/sites.ecclesia.pt\/liturgia\/wp-json\/wp\/v2\/users\/1"}],"replies":[{"embeddable":true,"href":"http:\/\/sites.ecclesia.pt\/liturgia\/wp-json\/wp\/v2\/comments?post=159861"}],"version-history":[{"count":4,"href":"http:\/\/sites.ecclesia.pt\/liturgia\/wp-json\/wp\/v2\/posts\/159861\/revisions"}],"predecessor-version":[{"id":199585,"href":"http:\/\/sites.ecclesia.pt\/liturgia\/wp-json\/wp\/v2\/posts\/159861\/revisions\/199585"}],"wp:featuredmedia":[{"embeddable":true,"href":"http:\/\/sites.ecclesia.pt\/liturgia\/wp-json\/wp\/v2\/media\/162613"}],"wp:attachment":[{"href":"http:\/\/sites.ecclesia.pt\/liturgia\/wp-json\/wp\/v2\/media?parent=159861"}],"wp:term":[{"taxonomy":"category","embeddable":true,"href":"http:\/\/sites.ecclesia.pt\/liturgia\/wp-json\/wp\/v2\/categories?post=159861"},{"taxonomy":"post_tag","embeddable":true,"href":"http:\/\/sites.ecclesia.pt\/liturgia\/wp-json\/wp\/v2\/tags?post=159861"}],"curies":[{"name":"wp","href":"https:\/\/api.w.org\/{rel}","templated":true}]}}