{"id":161371,"date":"2020-01-31T15:30:48","date_gmt":"2020-01-31T15:30:48","guid":{"rendered":"https:\/\/agencia.ecclesia.pt\/portal\/?p=161371"},"modified":"2021-02-25T18:24:09","modified_gmt":"2021-02-25T18:24:09","slug":"ano-a-festa-da-apresentacao-do-senhor","status":"publish","type":"post","link":"http:\/\/sites.ecclesia.pt\/liturgia\/ano-a-festa-da-apresentacao-do-senhor\/","title":{"rendered":"Ano A &#8211; Festa da Apresenta\u00e7\u00e3o do Senhor &#8211; LGP"},"content":{"rendered":"<p><iframe loading=\"lazy\" title=\"Evangelho em l\u00edngua gestual portuguesa. Ano A - festa da Apresenta\u00e7\u00e3o do Senhor\" width=\"1080\" height=\"608\" src=\"https:\/\/www.youtube.com\/embed\/OR-S6oIvQBI?feature=oembed\"  allow=\"accelerometer; autoplay; clipboard-write; encrypted-media; gyroscope; picture-in-picture\" allowfullscreen><\/iframe><\/p>\n<p>Evangelho em l\u00edngua gestual portuguesa.<\/p>\n<p>&nbsp;<\/p>\n","protected":false},"excerpt":{"rendered":"<p>Evangelho em l\u00edngua gestual portuguesa. &nbsp;<\/p>\n","protected":false},"author":1,"featured_media":164501,"comment_status":"closed","ping_status":"closed","sticky":false,"template":"","format":"standard","meta":{"_et_pb_use_builder":"","_et_pb_old_content":"","_et_gb_content_width":"","footnotes":""},"categories":[119],"tags":[108],"class_list":["post-161371","post","type-post","status-publish","format-standard","has-post-thumbnail","hentry","category-a-solenidades-e-festas","tag-lingua-gestual-portuguesa"],"_links":{"self":[{"href":"http:\/\/sites.ecclesia.pt\/liturgia\/wp-json\/wp\/v2\/posts\/161371","targetHints":{"allow":["GET"]}}],"collection":[{"href":"http:\/\/sites.ecclesia.pt\/liturgia\/wp-json\/wp\/v2\/posts"}],"about":[{"href":"http:\/\/sites.ecclesia.pt\/liturgia\/wp-json\/wp\/v2\/types\/post"}],"author":[{"embeddable":true,"href":"http:\/\/sites.ecclesia.pt\/liturgia\/wp-json\/wp\/v2\/users\/1"}],"replies":[{"embeddable":true,"href":"http:\/\/sites.ecclesia.pt\/liturgia\/wp-json\/wp\/v2\/comments?post=161371"}],"version-history":[{"count":4,"href":"http:\/\/sites.ecclesia.pt\/liturgia\/wp-json\/wp\/v2\/posts\/161371\/revisions"}],"predecessor-version":[{"id":199788,"href":"http:\/\/sites.ecclesia.pt\/liturgia\/wp-json\/wp\/v2\/posts\/161371\/revisions\/199788"}],"wp:featuredmedia":[{"embeddable":true,"href":"http:\/\/sites.ecclesia.pt\/liturgia\/wp-json\/wp\/v2\/media\/164501"}],"wp:attachment":[{"href":"http:\/\/sites.ecclesia.pt\/liturgia\/wp-json\/wp\/v2\/media?parent=161371"}],"wp:term":[{"taxonomy":"category","embeddable":true,"href":"http:\/\/sites.ecclesia.pt\/liturgia\/wp-json\/wp\/v2\/categories?post=161371"},{"taxonomy":"post_tag","embeddable":true,"href":"http:\/\/sites.ecclesia.pt\/liturgia\/wp-json\/wp\/v2\/tags?post=161371"}],"curies":[{"name":"wp","href":"https:\/\/api.w.org\/{rel}","templated":true}]}}