{"id":163929,"date":"2020-03-11T16:43:22","date_gmt":"2020-03-11T16:43:22","guid":{"rendered":"http:\/\/sites.ecclesia.pt\/liturgia\/?p=163929"},"modified":"2020-03-12T13:13:01","modified_gmt":"2020-03-12T13:13:01","slug":"ano-b-01o-domingo-da-quaresma-dehonianos","status":"publish","type":"post","link":"http:\/\/sites.ecclesia.pt\/liturgia\/ano-b-01o-domingo-da-quaresma-dehonianos\/","title":{"rendered":"Ano B &#8211; 01.\u00ba Domingo da Quaresma &#8211; Dehonianos"},"content":{"rendered":"<p><iframe loading=\"lazy\" title=\"1.\u00ba domingo da Quaresma - Ano B\" width=\"1080\" height=\"608\" src=\"https:\/\/www.youtube.com\/embed\/SmUYGnhvWK4?feature=oembed\" frameborder=\"0\" allow=\"accelerometer; autoplay; encrypted-media; gyroscope; picture-in-picture\" allowfullscreen><\/iframe><\/p>\n<p><em>Convers\u00e3o na alegria da Boa Nova<\/em><span id=\"more-96346\"><\/span><\/p>\n<p><!--more--><\/p>\n<p>Neste primeiro domingo da Quaresma, Marcos inicia o seu Evangelho proclamando a encarna\u00e7\u00e3o do Filho de Deus. Jesus \u00e9 plenamente homem, pois \u00e9 tentado, e plenamente Deus, ao manifestar a vit\u00f3ria do amor sobre o mal. Faz uma declara\u00e7\u00e3o: cumpriram-se os tempos. Dirige-se a um povo que espera um Messias que estabelecer\u00e1 um Reino novo, bem pr\u00f3ximo, que vem precisamente trazer a esperan\u00e7a a todo o povo. Mas Deus n\u00e3o imp\u00f5e a sua vinda, Ele faz-Se desejar. Aqui, duas atitudes do cora\u00e7\u00e3o s\u00e3o necess\u00e1rias: a convers\u00e3o, mudando de vida e voltando para Deus, e a f\u00e9, aderindo plenamente com todo o ser \u00e0 Pessoa de Jesus Cristo.<\/p>\n<p>A\u00ed est\u00e1 a Quaresma, conotada como tempo de penit\u00eancia, de sacrif\u00edcios de toda a esp\u00e9cie, de resist\u00eancia \u00e0s tenta\u00e7\u00f5es, \u00e0 imita\u00e7\u00e3o de Jesus no deserto. Tempo n\u00e3o muito entusiasmante se houver esta acentua\u00e7\u00e3o sem partilha concreta! Por\u00e9m, na breve passagem do Evangelho, Marcos fala duas vezes da Boa Nova, que dilata o cora\u00e7\u00e3o, traz alegria. Porque n\u00e3o falar de alegria durante a Quaresma? Ser\u00e1 que isso desvirtua o seu sentido? Trata-se de convers\u00e3o. Converter-se \u00e9 certamente deixar de cometer pecados e voltar a uma vida moralmente pura e reta. Mas a verdadeira convers\u00e3o \u00e9 \u201cacreditar na Boa Nova\u201d. E esta \u00e9 a manifesta\u00e7\u00e3o do verdadeiro rosto de Deus em Jesus: um Pai que \u00e9 puro Amor, a fonte absoluta do Amor.<\/p>\n<p>\u00c0s vezes, a primeira tenta\u00e7\u00e3o, a mais terr\u00edvel, consiste em transpor para Deus as nossas maneiras de amar, de compreender a justi\u00e7a e o poder. Ora, n\u00e3o \u00e9 Deus que \u00e9 \u00e0 nossa imagem, n\u00f3s \u00e9 que somos \u00e0 sua imagem. A verdadeira convers\u00e3o consiste em mudar as nossas conce\u00e7\u00f5es de Deus para acolher um Pai que nunca para de nos amar, que nunca nos rejeita. E quando recusamos o seu amor, Ele s\u00f3 tem um desejo: manifestar-nos ainda mais o seu amor, at\u00e9 nos dar o seu Filho, para que nos deixemos amar. Quaresma s\u00e3o 40 dias! N\u00e3o \u00e9 demasiado tempo para descobrir este Deus!<\/p>\n<p>Ao longo desta primeira semana da Quaresma, vale a pena retomar o Salmo 24 da liturgia deste domingo e rez\u00e1-lo em cada manh\u00e3, lentamente. Pode ser meditado, \u201cruminado\u201d. Por exemplo, memorizar um vers\u00edculo para cada dia: \u201cTu \u00e9s o Deus que me salva\u201d\u2026 \u201cLembra-te, Senhor, da tua ternura\u201d\u2026 Repeti-lo v\u00e1rias vezes ao longo do dia, em caminhada com o Senhor. Ser\u00e1 uma maneira de viver a exorta\u00e7\u00e3o \u00e0 ora\u00e7\u00e3o em segredo, escutada na Quarta-feira de Cinzas.<\/p>\n<p>Com esta aut\u00eantica atitude orante, veremos que os jejuns, abstin\u00eancias e esmolas s\u00f3 podem ser express\u00e3o do amor de Deus, nunca tomados caricaturas de pr\u00e1ticas exteriores sem cora\u00e7\u00e3o. A\u00ed est\u00e1 a verdadeira convers\u00e3o na alegria da Boa Nova.<\/p>\n<p><em>Manuel Barbosa, scj<\/em><br \/>\n<em><a href=\"http:\/\/www.dehonianos.org\/\" target=\"_blank\" rel=\"noopener noreferrer\">www.dehonianos.org<\/a><\/em><\/p>\n<p>&nbsp;<\/p>\n","protected":false},"excerpt":{"rendered":"<p>Convers\u00e3o na alegria da Boa Nova<\/p>\n","protected":false},"author":1,"featured_media":163931,"comment_status":"closed","ping_status":"closed","sticky":false,"template":"","format":"standard","meta":{"_et_pb_use_builder":"","_et_pb_old_content":"","_et_gb_content_width":"","footnotes":""},"categories":[121],"tags":[107],"class_list":["post-163929","post","type-post","status-publish","format-standard","has-post-thumbnail","hentry","category-b-quaresma","tag-dehonianos"],"_links":{"self":[{"href":"http:\/\/sites.ecclesia.pt\/liturgia\/wp-json\/wp\/v2\/posts\/163929","targetHints":{"allow":["GET"]}}],"collection":[{"href":"http:\/\/sites.ecclesia.pt\/liturgia\/wp-json\/wp\/v2\/posts"}],"about":[{"href":"http:\/\/sites.ecclesia.pt\/liturgia\/wp-json\/wp\/v2\/types\/post"}],"author":[{"embeddable":true,"href":"http:\/\/sites.ecclesia.pt\/liturgia\/wp-json\/wp\/v2\/users\/1"}],"replies":[{"embeddable":true,"href":"http:\/\/sites.ecclesia.pt\/liturgia\/wp-json\/wp\/v2\/comments?post=163929"}],"version-history":[{"count":3,"href":"http:\/\/sites.ecclesia.pt\/liturgia\/wp-json\/wp\/v2\/posts\/163929\/revisions"}],"predecessor-version":[{"id":164061,"href":"http:\/\/sites.ecclesia.pt\/liturgia\/wp-json\/wp\/v2\/posts\/163929\/revisions\/164061"}],"wp:featuredmedia":[{"embeddable":true,"href":"http:\/\/sites.ecclesia.pt\/liturgia\/wp-json\/wp\/v2\/media\/163931"}],"wp:attachment":[{"href":"http:\/\/sites.ecclesia.pt\/liturgia\/wp-json\/wp\/v2\/media?parent=163929"}],"wp:term":[{"taxonomy":"category","embeddable":true,"href":"http:\/\/sites.ecclesia.pt\/liturgia\/wp-json\/wp\/v2\/categories?post=163929"},{"taxonomy":"post_tag","embeddable":true,"href":"http:\/\/sites.ecclesia.pt\/liturgia\/wp-json\/wp\/v2\/tags?post=163929"}],"curies":[{"name":"wp","href":"https:\/\/api.w.org\/{rel}","templated":true}]}}