{"id":164272,"date":"2020-04-26T12:02:44","date_gmt":"2020-04-26T11:02:44","guid":{"rendered":"http:\/\/sites.ecclesia.pt\/liturgia\/?p=164272"},"modified":"2020-04-26T12:19:49","modified_gmt":"2020-04-26T11:19:49","slug":"ano-a-3o-domingo-da-pascoa-dehonianos","status":"publish","type":"post","link":"http:\/\/sites.ecclesia.pt\/liturgia\/ano-a-3o-domingo-da-pascoa-dehonianos\/","title":{"rendered":"Ano A &#8211; 03.\u00ba Domingo da P\u00e1scoa &#8211; Dehonianos"},"content":{"rendered":"<p><iframe loading=\"lazy\" title=\"Ano A - 3.\u00ba domingo da P\u00e1scoa. Coment\u00e1rio do padre Manuel Barbosa, scj\" width=\"1080\" height=\"608\" src=\"https:\/\/www.youtube.com\/embed\/7a5T3HGmEds?feature=oembed\" frameborder=\"0\" allow=\"accelerometer; autoplay; encrypted-media; gyroscope; picture-in-picture\" allowfullscreen><\/iframe><\/p>\n<p><em>Caminhar como os disc\u00edpulos de Ema\u00fas<\/em><\/p>\n<p><!--more--><\/p>\n<p>A liturgia deste terceiro Domingo da P\u00e1scoa convida-nos a descobrir Cristo que acompanha os homens pelos caminhos do mundo, que com a sua Palavra anima os cora\u00e7\u00f5es magoados e desolados, que se revela sempre que a comunidade dos disc\u00edpulos se re\u00fane para \u201cpartir o p\u00e3o\u201d; apela ainda aos disc\u00edpulos a serem testemunhas da ressurrei\u00e7\u00e3o de Cristo.<\/p>\n<p>\u00c9 no Evangelho que esta mensagem aparece de forma n\u00edtida: Cristo, vivo e ressuscitado, caminha ao lado dos disc\u00edpulos de Ema\u00fas, explica-lhes as Escrituras, enche-lhes o cora\u00e7\u00e3o de esperan\u00e7a e senta-Se com eles \u00e0 mesa para \u201cpartir o p\u00e3o\u201d. \u00c9 neste momento que os disc\u00edpulos O reconhecem.<\/p>\n<p>E n\u00f3s, hoje? Na nossa caminhada pela vida, fazemos, frequentemente, a experi\u00eancia do desencanto, do desalento, do des\u00e2nimo. As crises, os fracassos, o desmoronamento daquilo que julg\u00e1vamos seguro e em que apost\u00e1mos tudo, o fracasso dos nossos sonhos deixam-nos frustrados, perdidos, sem perspetivas, como acontece nestes tempos t\u00e3o duros de pandemia que continuamos a viver. Parece que nada faz sentido e que Deus desapareceu do nosso horizonte.<\/p>\n<p>No entanto, a catequese que Lucas nos prop\u00f5e hoje garante-nos que Jesus Ressuscitado caminha ao nosso lado. Ele \u00e9 esse companheiro de viagem que encontra formas para vir ao nosso encontro, \u00a0mesmo se nem sempre somos capazes de O reconhecer, e para encher o nosso cora\u00e7\u00e3o de esperan\u00e7a.<\/p>\n<p>Deus fala-nos, faz renascer em n\u00f3s a esperan\u00e7a e o entusiasmo, atrav\u00e9s da Palavra de Deus, escutada, meditada, partilhada, acolhida no cora\u00e7\u00e3o.<\/p>\n<p>Abrimo-nos para descobrir Jesus, vivo e atuante, na partilha do P\u00e3o eucar\u00edstico. Sempre que nos sentamos \u00e0 mesa com a comunidade e partilhamos o p\u00e3o que Jesus nos oferece, damo-nos conta que o Ressuscitado continua vivo, caminhando ao nosso lado, alimentando-nos ao longo da caminhada, ensinando-nos que a felicidade est\u00e1 no dom, na partilha, no amor. Sempre que nos juntamos com os irm\u00e3os \u00e0 volta da mesa de Deus, celebrando na alegria e na festa o amor, a partilha e o servi\u00e7o, encontramos o Ressuscitado a encher a nossa vida de sentido, de plenitude, de vida aut\u00eantica.<\/p>\n<p>Ema\u00fas \u00e9 a nossa hist\u00f3ria de cada dia: os nossos olhos fechados que n\u00e3o reconhecem o Ressuscitado; os nossos cora\u00e7\u00f5es que duvidam, fechados na tristeza; os nossos velhos sonhos vividos com dece\u00e7\u00e3o; o nosso caminho, talvez, a afastar-se do Ressuscitado.<\/p>\n<p>Durante o tempo pascal, ajustemos os nossos passos ao passo de Cristo. \u00c9 urgente abrir os nossos olhos para reconhecer a sua presen\u00e7a e a sua a\u00e7\u00e3o no cora\u00e7\u00e3o do mundo e para levar a Boa Not\u00edcia: Deus ressuscitou Jesus! Esta \u00e9 a nossa f\u00e9, vivida na alegria do Evangelho!<\/p>\n<p><em>Manuel Barbosa, scj<\/em><br \/>\n<em>www.dehonianos.org<\/em><\/p>\n<p>&nbsp;<\/p>\n<p>&nbsp;<\/p>\n","protected":false},"excerpt":{"rendered":"<p>Caminhar como os disc\u00edpulos de Ema\u00fas<\/p>\n","protected":false},"author":1,"featured_media":164274,"comment_status":"closed","ping_status":"closed","sticky":false,"template":"","format":"standard","meta":{"_et_pb_use_builder":"","_et_pb_old_content":"","_et_gb_content_width":"","footnotes":""},"categories":[122],"tags":[107],"class_list":["post-164272","post","type-post","status-publish","format-standard","has-post-thumbnail","hentry","category-a-pascoa","tag-dehonianos"],"_links":{"self":[{"href":"http:\/\/sites.ecclesia.pt\/liturgia\/wp-json\/wp\/v2\/posts\/164272","targetHints":{"allow":["GET"]}}],"collection":[{"href":"http:\/\/sites.ecclesia.pt\/liturgia\/wp-json\/wp\/v2\/posts"}],"about":[{"href":"http:\/\/sites.ecclesia.pt\/liturgia\/wp-json\/wp\/v2\/types\/post"}],"author":[{"embeddable":true,"href":"http:\/\/sites.ecclesia.pt\/liturgia\/wp-json\/wp\/v2\/users\/1"}],"replies":[{"embeddable":true,"href":"http:\/\/sites.ecclesia.pt\/liturgia\/wp-json\/wp\/v2\/comments?post=164272"}],"version-history":[{"count":3,"href":"http:\/\/sites.ecclesia.pt\/liturgia\/wp-json\/wp\/v2\/posts\/164272\/revisions"}],"predecessor-version":[{"id":164292,"href":"http:\/\/sites.ecclesia.pt\/liturgia\/wp-json\/wp\/v2\/posts\/164272\/revisions\/164292"}],"wp:featuredmedia":[{"embeddable":true,"href":"http:\/\/sites.ecclesia.pt\/liturgia\/wp-json\/wp\/v2\/media\/164274"}],"wp:attachment":[{"href":"http:\/\/sites.ecclesia.pt\/liturgia\/wp-json\/wp\/v2\/media?parent=164272"}],"wp:term":[{"taxonomy":"category","embeddable":true,"href":"http:\/\/sites.ecclesia.pt\/liturgia\/wp-json\/wp\/v2\/categories?post=164272"},{"taxonomy":"post_tag","embeddable":true,"href":"http:\/\/sites.ecclesia.pt\/liturgia\/wp-json\/wp\/v2\/tags?post=164272"}],"curies":[{"name":"wp","href":"https:\/\/api.w.org\/{rel}","templated":true}]}}