{"id":164286,"date":"2020-04-26T12:15:57","date_gmt":"2020-04-26T11:15:57","guid":{"rendered":"http:\/\/sites.ecclesia.pt\/liturgia\/?p=164286"},"modified":"2020-04-26T12:19:04","modified_gmt":"2020-04-26T11:19:04","slug":"ano-a-04o-domingo-da-quaresma-dehonianos","status":"publish","type":"post","link":"http:\/\/sites.ecclesia.pt\/liturgia\/ano-a-04o-domingo-da-quaresma-dehonianos\/","title":{"rendered":"Ano A &#8211; 04.\u00ba Domingo da Quaresma &#8211; Dehonianos"},"content":{"rendered":"<p><iframe loading=\"lazy\" title=\"Ano A - 04.\u00ba Domingo da Quaresma\" width=\"1080\" height=\"608\" src=\"https:\/\/www.youtube.com\/embed\/7gZFlyr1FH8?feature=oembed\" frameborder=\"0\" allow=\"accelerometer; autoplay; encrypted-media; gyroscope; picture-in-picture\" allowfullscreen><\/iframe><\/p>\n<p><em>Viver como filhos da luz<\/em><\/p>\n<p><!--more--><\/p>\n<p>\u201cViver na luz\u201d: \u00e9 deste modo que a Palavra de Deus deste quarto domingo da Quaresma define a experi\u00eancia crist\u00e3.<\/p>\n<p>No Evangelho, Jesus apresenta-Se como a luz do mundo. Na segunda leitura, Paulo prop\u00f5e aos crist\u00e3os de \u00c9feso que escolham a luz, recusando viver nas trevas, \u00e0 margem de Deus. A primeira leitura n\u00e3o se refere diretamente ao tema da luz. No entanto, a escolha de David para rei de Israel e a sua un\u00e7\u00e3o \u00e9 um \u00f3timo pretexto para refletirmos sobre a un\u00e7\u00e3o que recebemos no dia do nosso Batismo e que nos constituiu testemunhas da luz de Deus no mundo.<\/p>\n<p>Mas voltemos ao Evangelho, no epis\u00f3dio do cego de nascen\u00e7a que apresenta Cristo como luz do mundo. \u00abTu acreditas no Filho do homem?\u00bb, pergunta Jesus. O cego respondeu-Lhe: \u00abSenhor, quem \u00e9 Ele, para que eu acredite?\u00bb Disse-lhe Jesus: \u00abJ\u00e1 O viste: \u00e9 Quem est\u00e1 a falar contigo\u00bb. O homem prostrou-se diante de Jesus e exclamou: \u00abEu creio, Senhor\u00bb.<\/p>\n<p>A afirma\u00e7\u00e3o de f\u00e9 que o cego faz com alegria e a ades\u00e3o incondicional a Jesus e \u00e0 sua proposta libertadora deveriam ser modelo para todos n\u00f3s. O milagre da cura \u00e9 o sinal de que Cristo, juntamente com a vista, quer abrir o nosso olhar interior, para que a nossa f\u00e9 se torne cada vez mais profunda e possamos reconhec\u00ea-l\u2019O como o \u00fanico Salvador. Ele ilumina todas as obscuridades da vida e leva-nos a viver como filhos da luz.<\/p>\n<p>Em tempo de Quaresma, a Palavra de Deus convida-nos a um processo de renova\u00e7\u00e3o que nos leve a deixar tudo o que nos escraviza, aliena e oprime, a deixar tudo o que n\u00e3o deixa brilhar em n\u00f3s a luz de Deus e impede a nossa plena realiza\u00e7\u00e3o.<\/p>\n<p>Para que a celebra\u00e7\u00e3o da ressurrei\u00e7\u00e3o na manh\u00e3 de P\u00e1scoa seja plena de significado, \u00e9 urgente realizarmos esta caminhada quaresmal e renascermos como homens novos que vivem na luz e dela d\u00e3o testemunho. H\u00e1, certamente, um longo e constante caminho a percorrer para que tal aconte\u00e7a.<\/p>\n<p>Receber a luz que Cristo oferece \u00e9 tamb\u00e9m acender a luz da esperan\u00e7a no mundo, eliminando as trevas que geram sofrimento, injusti\u00e7a, mentira e aliena\u00e7\u00e3o. H\u00e1 que fazer com que a luz de Cristo, que os padrinhos nos passaram em testemunho no dia em que fomos batizados, continue a brilhar em n\u00f3s e a iluminar o mundo.<\/p>\n<p>Voltemos ao convite de S\u00e3o Paulo para vivermos na luz, porque somos filhos da luz. Em concreto, tal significa praticar as obras de Deus: a bondade, a justi\u00e7a e a verdade. Para isso, a atitude \u00e9 ainda proposta na segunda leitura: \u00abDesperta, tu que dormes; levanta-te do meio dos mortos e Cristo brilhar\u00e1 sobre ti\u00bb. Que assim seja nesta quarta semana da Quaresma!<\/p>\n<p><em>Manuel Barbosa, scj<\/em><br \/>\n<em>www.dehonianos.org<\/em><\/p>\n","protected":false},"excerpt":{"rendered":"<p>Viver como filhos da luz<\/p>\n","protected":false},"author":1,"featured_media":164288,"comment_status":"closed","ping_status":"closed","sticky":false,"template":"","format":"standard","meta":{"_et_pb_use_builder":"","_et_pb_old_content":"","_et_gb_content_width":"","footnotes":""},"categories":[123],"tags":[107],"class_list":["post-164286","post","type-post","status-publish","format-standard","has-post-thumbnail","hentry","category-a-quaresma","tag-dehonianos"],"_links":{"self":[{"href":"http:\/\/sites.ecclesia.pt\/liturgia\/wp-json\/wp\/v2\/posts\/164286","targetHints":{"allow":["GET"]}}],"collection":[{"href":"http:\/\/sites.ecclesia.pt\/liturgia\/wp-json\/wp\/v2\/posts"}],"about":[{"href":"http:\/\/sites.ecclesia.pt\/liturgia\/wp-json\/wp\/v2\/types\/post"}],"author":[{"embeddable":true,"href":"http:\/\/sites.ecclesia.pt\/liturgia\/wp-json\/wp\/v2\/users\/1"}],"replies":[{"embeddable":true,"href":"http:\/\/sites.ecclesia.pt\/liturgia\/wp-json\/wp\/v2\/comments?post=164286"}],"version-history":[{"count":1,"href":"http:\/\/sites.ecclesia.pt\/liturgia\/wp-json\/wp\/v2\/posts\/164286\/revisions"}],"predecessor-version":[{"id":164287,"href":"http:\/\/sites.ecclesia.pt\/liturgia\/wp-json\/wp\/v2\/posts\/164286\/revisions\/164287"}],"wp:featuredmedia":[{"embeddable":true,"href":"http:\/\/sites.ecclesia.pt\/liturgia\/wp-json\/wp\/v2\/media\/164288"}],"wp:attachment":[{"href":"http:\/\/sites.ecclesia.pt\/liturgia\/wp-json\/wp\/v2\/media?parent=164286"}],"wp:term":[{"taxonomy":"category","embeddable":true,"href":"http:\/\/sites.ecclesia.pt\/liturgia\/wp-json\/wp\/v2\/categories?post=164286"},{"taxonomy":"post_tag","embeddable":true,"href":"http:\/\/sites.ecclesia.pt\/liturgia\/wp-json\/wp\/v2\/tags?post=164286"}],"curies":[{"name":"wp","href":"https:\/\/api.w.org\/{rel}","templated":true}]}}