{"id":164297,"date":"2020-04-26T12:22:43","date_gmt":"2020-04-26T11:22:43","guid":{"rendered":"http:\/\/sites.ecclesia.pt\/liturgia\/?p=164297"},"modified":"2020-04-26T12:22:43","modified_gmt":"2020-04-26T11:22:43","slug":"ano-a-domingo-de-ramos-dehonianos","status":"publish","type":"post","link":"http:\/\/sites.ecclesia.pt\/liturgia\/ano-a-domingo-de-ramos-dehonianos\/","title":{"rendered":"Ano A &#8211; Domingo de Ramos &#8211; Dehonianos"},"content":{"rendered":"<p><iframe loading=\"lazy\" title=\"Ano A - Domingo de Ramos\" width=\"1080\" height=\"608\" src=\"https:\/\/www.youtube.com\/embed\/6XaFXMJSJP4?feature=oembed\" frameborder=\"0\" allow=\"accelerometer; autoplay; encrypted-media; gyroscope; picture-in-picture\" allowfullscreen><\/iframe><\/p>\n<p><em>Apaixonados pela Cruz de Cristo<\/em><\/p>\n<p><!--more--><\/p>\n<p>Vivemos este Domingo de Ramos de 2020 profundamente atingidos pela pandemia do coronav\u00edrus, que esperamos que seja ultrapassada com o empenho de todos e com a ora\u00e7\u00e3o.<\/p>\n<p>A liturgia da Palavra convida-nos a contemplar Deus que, por amor, desceu ao nosso encontro, partilhou a nossa humanidade, Se fez servo dos homens, Se deixou morrer para que o ego\u00edsmo e o pecado fossem vencidos.<\/p>\n<p>A Cruz est\u00e1 no centro da liturgia deste domingo; apresenta-nos a li\u00e7\u00e3o suprema, o \u00faltimo passo desse caminho de vida nova que, em Jesus, Deus nos prop\u00f5e: a doa\u00e7\u00e3o da vida por amor.<\/p>\n<p>As celebra\u00e7\u00f5es deste dia est\u00e3o plenas de simbolismo, que n\u00e3o podemos presenciar fisicamente dada a situa\u00e7\u00e3o. \u00c9 sobretudo a Palavra de Deus que deve marcar o andamento do nosso celebrar, em particular o longo texto do Evangelho da Paix\u00e3o.<\/p>\n<p>A\u00ed somos convidados a contemplar a Paix\u00e3o e Morte de Jesus: \u00e9 o momento supremo de uma vida feita dom e servi\u00e7o, a fim de nos libertar de tudo aquilo que gera ego\u00edsmo e escravid\u00e3o. Na Cruz, revela-se o amor de Deus, esse amor que n\u00e3o guarda nada para si, mas que se faz dom total.<\/p>\n<p>Jesus quis repartir connosco essa vida plena at\u00e9 ao fim dos tempos: eis a mais espantosa hist\u00f3ria de amor que \u00e9 poss\u00edvel contar, a boa not\u00edcia que enche de alegria o nosso cora\u00e7\u00e3o de crentes.<\/p>\n<p>Contemplar a Cruz significa assumir a mesma entrega de Jesus e solidarizar-se com aqueles que s\u00e3o crucificados neste mundo: os que sofrem viol\u00eancia, os que s\u00e3o explorados, os que s\u00e3o exclu\u00eddos e descartados, os que s\u00e3o privados de direitos e de dignidade, os que mais sofrem esta pandemia.<\/p>\n<p>Olhar a Cruz de Jesus significa denunciar tudo o que gera \u00f3dio, divis\u00e3o, medo, em termos de estruturas, valores, pr\u00e1ticas, ideologias; significa evitar que as pessoas continuem a crucificar pessoas; significa aprender com Jesus a entregar a vida por amor.<\/p>\n<p>Viver deste modo pode conduzir \u00e0 morte, mas o crist\u00e3o sabe que amar como Jesus \u00e9 viver a partir de uma din\u00e2mica que a morte n\u00e3o pode vencer: o amor gera vida nova e introduz na nossa carne os dinamismos da ressurrei\u00e7\u00e3o.<\/p>\n<p>A Cruz \u00e9 s\u00edmbolo da vida como paix\u00e3o. Jesus foi um apaixonado. Uma s\u00f3 coisa contava para Ele: salvar a humanidade, arrancando-a do ego\u00edsmo, da viol\u00eancia, do orgulho, da riqueza, da idolatria, de tudo o que leva \u00e0 morte e \u00e0 infelicidade, para lhe propor o servi\u00e7o, o acolhimento, o perd\u00e3o, tudo o que leva \u00e0 vida e \u00e0 felicidade, em suma, ao Amor.<\/p>\n<p>Durante a Semana Santa, que vamos viver nas nossas casas, onde poss\u00edvel acompanhando as celebra\u00e7\u00f5es pelos meios de comunica\u00e7\u00e3o, ergamos os olhos para Cristo na sua Paix\u00e3o por Deus seu Pai, na sua paix\u00e3o pela Humanidade, para que n\u00f3s sejamos tamb\u00e9m apaixonados pela Cruz de Cristo, na plenitude do Amor de Deus.<\/p>\n<p>Conduzidos pela Palavra, vivamos a Semana Santa como Santa Semana do Amor de Deus por n\u00f3s. A\u00ed est\u00e1 a ess\u00eancia da vida crist\u00e3.<\/p>\n<p>&nbsp;<\/p>\n<p>Manuel Barbosa, scj<\/p>\n<p>www.dehonianos.org<\/p>\n","protected":false},"excerpt":{"rendered":"<p>Apaixonados pela Cruz de Cristo<\/p>\n","protected":false},"author":1,"featured_media":164299,"comment_status":"closed","ping_status":"closed","sticky":false,"template":"","format":"standard","meta":{"_et_pb_use_builder":"","_et_pb_old_content":"","_et_gb_content_width":"","footnotes":""},"categories":[123],"tags":[107],"class_list":["post-164297","post","type-post","status-publish","format-standard","has-post-thumbnail","hentry","category-a-quaresma","tag-dehonianos"],"_links":{"self":[{"href":"http:\/\/sites.ecclesia.pt\/liturgia\/wp-json\/wp\/v2\/posts\/164297","targetHints":{"allow":["GET"]}}],"collection":[{"href":"http:\/\/sites.ecclesia.pt\/liturgia\/wp-json\/wp\/v2\/posts"}],"about":[{"href":"http:\/\/sites.ecclesia.pt\/liturgia\/wp-json\/wp\/v2\/types\/post"}],"author":[{"embeddable":true,"href":"http:\/\/sites.ecclesia.pt\/liturgia\/wp-json\/wp\/v2\/users\/1"}],"replies":[{"embeddable":true,"href":"http:\/\/sites.ecclesia.pt\/liturgia\/wp-json\/wp\/v2\/comments?post=164297"}],"version-history":[{"count":1,"href":"http:\/\/sites.ecclesia.pt\/liturgia\/wp-json\/wp\/v2\/posts\/164297\/revisions"}],"predecessor-version":[{"id":164298,"href":"http:\/\/sites.ecclesia.pt\/liturgia\/wp-json\/wp\/v2\/posts\/164297\/revisions\/164298"}],"wp:featuredmedia":[{"embeddable":true,"href":"http:\/\/sites.ecclesia.pt\/liturgia\/wp-json\/wp\/v2\/media\/164299"}],"wp:attachment":[{"href":"http:\/\/sites.ecclesia.pt\/liturgia\/wp-json\/wp\/v2\/media?parent=164297"}],"wp:term":[{"taxonomy":"category","embeddable":true,"href":"http:\/\/sites.ecclesia.pt\/liturgia\/wp-json\/wp\/v2\/categories?post=164297"},{"taxonomy":"post_tag","embeddable":true,"href":"http:\/\/sites.ecclesia.pt\/liturgia\/wp-json\/wp\/v2\/tags?post=164297"}],"curies":[{"name":"wp","href":"https:\/\/api.w.org\/{rel}","templated":true}]}}