{"id":164319,"date":"2018-05-18T17:10:51","date_gmt":"2018-05-18T16:10:51","guid":{"rendered":"http:\/\/www.agencia.ecclesia.pt\/portal\/?p=105696"},"modified":"2021-02-25T18:23:38","modified_gmt":"2021-02-25T18:23:38","slug":"entrevista-comentario-a-liturgia-do-domingo-com-os-padres-luis-alberto-e-armindo-vaz","status":"publish","type":"post","link":"http:\/\/sites.ecclesia.pt\/liturgia\/entrevista-comentario-a-liturgia-do-domingo-com-os-padres-luis-alberto-e-armindo-vaz\/","title":{"rendered":"Ano C &#8211; Domingo de Pentecostes"},"content":{"rendered":"<p><iframe loading=\"lazy\" title=\"Entrevista. Coment\u00e1rio \u00e0 liturgia do domingo com os padres Lu\u00eds Alberto e Armindo Vaz\" width=\"1080\" height=\"608\" src=\"https:\/\/www.youtube.com\/embed\/FIhMUKd2IUc?feature=oembed\"  allow=\"accelerometer; autoplay; clipboard-write; encrypted-media; gyroscope; picture-in-picture\" allowfullscreen><\/iframe><\/p>\n<p>Programa Ecclesia do dia 18 de maio de 2018<\/p>\n<p>&nbsp;<\/p>\n","protected":false},"excerpt":{"rendered":"<p>Programa Ecclesia do dia 18 de maio de 2018 &nbsp;<\/p>\n","protected":false},"author":1,"featured_media":164320,"comment_status":"closed","ping_status":"open","sticky":false,"template":"","format":"standard","meta":{"_et_pb_use_builder":"","_et_pb_old_content":"","_et_gb_content_width":"","footnotes":""},"categories":[115],"tags":[104],"class_list":["post-164319","post","type-post","status-publish","format-standard","has-post-thumbnail","hentry","category-c-solenidades-e-festas","tag-programa-ecclesia"],"_links":{"self":[{"href":"http:\/\/sites.ecclesia.pt\/liturgia\/wp-json\/wp\/v2\/posts\/164319","targetHints":{"allow":["GET"]}}],"collection":[{"href":"http:\/\/sites.ecclesia.pt\/liturgia\/wp-json\/wp\/v2\/posts"}],"about":[{"href":"http:\/\/sites.ecclesia.pt\/liturgia\/wp-json\/wp\/v2\/types\/post"}],"author":[{"embeddable":true,"href":"http:\/\/sites.ecclesia.pt\/liturgia\/wp-json\/wp\/v2\/users\/1"}],"replies":[{"embeddable":true,"href":"http:\/\/sites.ecclesia.pt\/liturgia\/wp-json\/wp\/v2\/comments?post=164319"}],"version-history":[{"count":2,"href":"http:\/\/sites.ecclesia.pt\/liturgia\/wp-json\/wp\/v2\/posts\/164319\/revisions"}],"predecessor-version":[{"id":199463,"href":"http:\/\/sites.ecclesia.pt\/liturgia\/wp-json\/wp\/v2\/posts\/164319\/revisions\/199463"}],"wp:featuredmedia":[{"embeddable":true,"href":"http:\/\/sites.ecclesia.pt\/liturgia\/wp-json\/wp\/v2\/media\/164320"}],"wp:attachment":[{"href":"http:\/\/sites.ecclesia.pt\/liturgia\/wp-json\/wp\/v2\/media?parent=164319"}],"wp:term":[{"taxonomy":"category","embeddable":true,"href":"http:\/\/sites.ecclesia.pt\/liturgia\/wp-json\/wp\/v2\/categories?post=164319"},{"taxonomy":"post_tag","embeddable":true,"href":"http:\/\/sites.ecclesia.pt\/liturgia\/wp-json\/wp\/v2\/tags?post=164319"}],"curies":[{"name":"wp","href":"https:\/\/api.w.org\/{rel}","templated":true}]}}