{"id":164483,"date":"2019-12-07T12:00:05","date_gmt":"2019-12-07T12:00:05","guid":{"rendered":"https:\/\/agencia.ecclesia.pt\/portal\/?p=156357"},"modified":"2021-02-25T16:39:44","modified_gmt":"2021-02-25T16:39:44","slug":"ano-a-2-o-domingo-do-advento-e-solenidade-da-imaculada-conceicao","status":"publish","type":"post","link":"http:\/\/sites.ecclesia.pt\/liturgia\/ano-a-2-o-domingo-do-advento-e-solenidade-da-imaculada-conceicao\/","title":{"rendered":"Ano A &#8211; 02.\u00ba Domingo do Advento e Solenidade da Imaculada Concei\u00e7\u00e3o"},"content":{"rendered":"<p><iframe loading=\"lazy\" title=\"Ano A - Solenidade da Imaculada Concei\u00e7\u00e3o\" width=\"1080\" height=\"608\" src=\"https:\/\/www.youtube.com\/embed\/oFvlOO1IUKM?feature=oembed\" frameborder=\"0\" allow=\"accelerometer; autoplay; encrypted-media; gyroscope; picture-in-picture\" allowfullscreen><\/iframe><\/p>\n<p>Acolher o sim de Maria<\/p>\n<p><!--more--><\/p>\n<p>Por feliz coincid\u00eancia, neste segundo domingo do Advento celebramos a Solenidade da Imaculada Concei\u00e7\u00e3o.<\/p>\n<p>Ao propor-nos o exemplo de Maria de Nazar\u00e9, a liturgia convida-nos a acolher, com cora\u00e7\u00e3o aberto e dispon\u00edvel, os planos de Deus para n\u00f3s e para o mundo.<\/p>\n<p>Recorrendo \u00e0 hist\u00f3ria m\u00edtica de Ad\u00e3o e Eva, a primeira leitura mostra o que acontece quando rejeitamos as propostas de Deus e preferimos caminhos de ego\u00edsmo, de orgulho e de autossufici\u00eancia.<\/p>\n<p>Viver \u00e0 margem de Deus leva, inevitavelmente, a trilhar caminhos de sofrimento, de destrui\u00e7\u00e3o, de infelicidade e de morte.<\/p>\n<p>O Evangelho apresenta a resposta de Maria ao plano de Deus.<\/p>\n<p>Ao contr\u00e1rio de Ad\u00e3o e Eva, Maria rejeitou o orgulho, o ego\u00edsmo e a autossufici\u00eancia e preferiu conformar a sua vida, de forma total e radical, com os planos de Deus.<\/p>\n<p>Do seu sim total, resultou salva\u00e7\u00e3o e vida plena para ela e para o mundo.<\/p>\n<p>O evangelista Lucas apresenta o di\u00e1logo entre Maria e o anjo. A conversa come\u00e7a com a sauda\u00e7\u00e3o do anjo.<\/p>\n<p>Na boca do anjo, s\u00e3o colocados termos e express\u00f5es ligados a contextos de elei\u00e7\u00e3o, de voca\u00e7\u00e3o e de miss\u00e3o. Estamos diante do relato da voca\u00e7\u00e3o de Maria: a visita do anjo destina-se a apresentar uma proposta de Deus \u00e0 jovem de Nazar\u00e9.<\/p>\n<p>Deus prop\u00f5e a Maria que aceite ser a m\u00e3e de um filho especial, que ela aceite ser a m\u00e3e desse messias que Israel esperava, o libertador enviado por Deus ao seu Povo para lhe oferecer a vida e a salva\u00e7\u00e3o definitivas.<\/p>\n<p>A resposta de Maria come\u00e7a com uma obje\u00e7\u00e3o, mas o anjo garante-lhe que o Esp\u00edrito Santo vir\u00e1 sobre ela e a cobrir\u00e1 com a sua sombra.<\/p>\n<p>Apesar da fragilidade de Maria, Deus vai, atrav\u00e9s dela, tornar-se presente no mundo para oferecer a salva\u00e7\u00e3o a todos os homens.<\/p>\n<p>O relato termina com a resposta final de Maria: \u201ceis a serva do Senhor; fa\u00e7a-se em mim segundo a tua palavra\u201d.<\/p>\n<p>Maria reconhece que Deus a escolheu, aceita com disponibilidade essa escolha e manifesta a sua disposi\u00e7\u00e3o em cumprir o projeto de Deus com fidelidade.<\/p>\n<p>A hist\u00f3ria vocacional de Maria deixa claro que, na perspetiva de Deus, n\u00e3o s\u00e3o o poder, a riqueza, a import\u00e2ncia ou a visibilidade social que determinam a capacidade para levar a cabo uma miss\u00e3o.<\/p>\n<p>Deus age atrav\u00e9s de homens e mulheres, independentemente das suas qualidades humanas. O que \u00e9 decisivo \u00e9 a disponibilidade e o amor com que se acolhem e testemunham as propostas de Deus.<\/p>\n<p>Que o exemplo de vida de Maria Sant\u00edssima, nossa M\u00e3e Imaculada e Padroeira de Portugal, nos fortale\u00e7a na caminhada do Advento, fomentando em n\u00f3s e \u00e0 nossa volta o amor e a ternura, a simplicidade e o servi\u00e7o, a justi\u00e7a e a paz.<\/p>\n<p><em>Manuel Barbosa, scj<\/em><br \/>\n<em>www.dehonianos.org<\/em><\/p>\n<p>&nbsp;<\/p>\n","protected":false},"excerpt":{"rendered":"<p>Acolher o sim de Maria<\/p>\n","protected":false},"author":1,"featured_media":164484,"comment_status":"closed","ping_status":"open","sticky":false,"template":"","format":"standard","meta":{"_et_pb_use_builder":"","_et_pb_old_content":"","_et_gb_content_width":"","footnotes":""},"categories":[118,119],"tags":[107],"class_list":["post-164483","post","type-post","status-publish","format-standard","has-post-thumbnail","hentry","category-a-advento","category-a-solenidades-e-festas","tag-dehonianos"],"_links":{"self":[{"href":"http:\/\/sites.ecclesia.pt\/liturgia\/wp-json\/wp\/v2\/posts\/164483","targetHints":{"allow":["GET"]}}],"collection":[{"href":"http:\/\/sites.ecclesia.pt\/liturgia\/wp-json\/wp\/v2\/posts"}],"about":[{"href":"http:\/\/sites.ecclesia.pt\/liturgia\/wp-json\/wp\/v2\/types\/post"}],"author":[{"embeddable":true,"href":"http:\/\/sites.ecclesia.pt\/liturgia\/wp-json\/wp\/v2\/users\/1"}],"replies":[{"embeddable":true,"href":"http:\/\/sites.ecclesia.pt\/liturgia\/wp-json\/wp\/v2\/comments?post=164483"}],"version-history":[{"count":3,"href":"http:\/\/sites.ecclesia.pt\/liturgia\/wp-json\/wp\/v2\/posts\/164483\/revisions"}],"predecessor-version":[{"id":199733,"href":"http:\/\/sites.ecclesia.pt\/liturgia\/wp-json\/wp\/v2\/posts\/164483\/revisions\/199733"}],"wp:featuredmedia":[{"embeddable":true,"href":"http:\/\/sites.ecclesia.pt\/liturgia\/wp-json\/wp\/v2\/media\/164484"}],"wp:attachment":[{"href":"http:\/\/sites.ecclesia.pt\/liturgia\/wp-json\/wp\/v2\/media?parent=164483"}],"wp:term":[{"taxonomy":"category","embeddable":true,"href":"http:\/\/sites.ecclesia.pt\/liturgia\/wp-json\/wp\/v2\/categories?post=164483"},{"taxonomy":"post_tag","embeddable":true,"href":"http:\/\/sites.ecclesia.pt\/liturgia\/wp-json\/wp\/v2\/tags?post=164483"}],"curies":[{"name":"wp","href":"https:\/\/api.w.org\/{rel}","templated":true}]}}