{"id":164502,"date":"2020-02-01T12:00:02","date_gmt":"2020-02-01T12:00:02","guid":{"rendered":"https:\/\/agencia.ecclesia.pt\/portal\/?p=161375"},"modified":"2021-02-24T18:35:25","modified_gmt":"2021-02-24T18:35:25","slug":"4-o-domingo-do-tempo-comum-festa-da-apresentacao-do-senhor","status":"publish","type":"post","link":"http:\/\/sites.ecclesia.pt\/liturgia\/4-o-domingo-do-tempo-comum-festa-da-apresentacao-do-senhor\/","title":{"rendered":"Ano A &#8211; Festa da Apresenta\u00e7\u00e3o do Senhor &#8211; Dehonianos"},"content":{"rendered":"<p><iframe loading=\"lazy\" title=\"Ano A - Festa da Apresenta\u00e7\u00e3o do Senhor\" width=\"1080\" height=\"608\" src=\"https:\/\/www.youtube.com\/embed\/3xAbiYw-wa4?feature=oembed\"  allow=\"accelerometer; autoplay; clipboard-write; encrypted-media; gyroscope; picture-in-picture\" allowfullscreen><\/iframe><\/p>\n<p><em>Consagrados para evangelizar<\/em><\/p>\n<p><!--more--><\/p>\n<p>Neste quarto Domingo do Tempo Comum celebramos a Festa da Apresenta\u00e7\u00e3o do Senhor no Templo de Jerusal\u00e9m, que coincide tamb\u00e9m com o Dia da Vida Consagrada. Este \u00edcone da entrega de Cristo nas m\u00e3os do Pai convida todos os consagrados e consagradas a renovar a sua entrega nas m\u00e3os de Deus e a fazer da pr\u00f3pria exist\u00eancia um dom de amor, um testemunho comprometido da realidade do Reino.<\/p>\n<p>Jesus escolheu um caminho de total fidelidade aos mandamentos e aos projetos do Pai. Ao oferecer-Se a Deus em obla\u00e7\u00e3o, ao ser \u201cconsagrado\u201d ao Pai, Jesus manifesta a sua disponibilidade para cumprir fiel e incondicionalmente o plano salvador do Pai at\u00e9 \u00e0s \u00faltimas consequ\u00eancias, at\u00e9 ao dom total da pr\u00f3pria vida em favor dos homens. O seu \u201cecce venio\u201d \u00e9 o modelo da doa\u00e7\u00e3o e da entrega de todos os consagrados, chamados a seguir Jesus mais de perto, numa obla\u00e7\u00e3o total a Deus e ao Reino.<\/p>\n<p>No Evangelho, Jesus \u00e9 apresentado como \u201ca salva\u00e7\u00e3o colocada ao alcance de todos os povos\u201d, a \u201cluz para se revelar \u00e0s na\u00e7\u00f5es e a gl\u00f3ria de Israel\u201d, o messias com uma proposta de liberta\u00e7\u00e3o para todos os homens.<\/p>\n<p>Sime\u00e3o e Ana s\u00e3o, na cena evang\u00e9lica, figuras do Israel fiel, que foi preparado desde sempre para reconhecer e para acolher o messias de Deus. Na verdade, quando Jesus aparece, eles est\u00e3o despertos para reconhecer naquele beb\u00e9 o messias libertador que todos esperavam e apresentam-n\u2019O formalmente ao mundo.<\/p>\n<p>Hoje, os consagrados t\u00eam a responsabilidade de O apresentar ao mundo e de O tornar uma proposta questionadora, libertadora, iluminadora, salvadora, para os homens nossos irm\u00e3os. \u00c9 isso que realmente acontece?<\/p>\n<p>A Vida Consagrada \u00e9 chamada a refletir de maneira particular a luz de Cristo. Nas pessoas consagradas, membros dos institutos religiosos e das sociedades de vida apost\u00f3lica, dos institutos seculares e das ordens contemplativas, que procuram viver ao estilo das Bem-aventuran\u00e7as, dever\u00edamos ver o \u201cfermento\u201d de esperan\u00e7a para a humanidade, o \u201csal\u201d que d\u00e1 sabor ao mundo, uma \u201cluz\u201d que se acende na escurid\u00e3o do mundo e que indica caminhos de verdade e de liberdade, a \u201cporta\u201d entreaberta para o Reino de Deus e para os \u201cnovos c\u00e9us e a nova terra\u201d que Deus quer apresentar \u00e0 humanidade.<\/p>\n<p>\u00c9 preciso que os consagrados sejam luz e conforto para cada pessoa, velas acesas que ardem com o pr\u00f3prio amor de Cristo, luz que ilumina as sombras do mundo e que profeticamente anuncia a aurora de uma nova realidade.<\/p>\n<p>\u201cConsagrados para evangelizar\u201d, \u00e9 o lema deste Dia e da Semana de Ora\u00e7\u00e3o, que hoje termina, com os consagrados e consagradas. Todos somos chamados a evangelizar, a testemunhar e a anunciar a Palavra de Deus que \u00e9 o pr\u00f3prio Cristo.<\/p>\n<p><em>Manuel Barbosa, scj<\/em><br \/>\n<em><a href=\"http:\/\/www.dehonianos.org\">www.dehonianos.org<\/a><\/em><\/p>\n<p>&nbsp;<\/p>\n","protected":false},"excerpt":{"rendered":"<p>Consagrados para evangelizar<\/p>\n","protected":false},"author":1,"featured_media":164503,"comment_status":"closed","ping_status":"closed","sticky":false,"template":"","format":"standard","meta":{"_et_pb_use_builder":"","_et_pb_old_content":"","_et_gb_content_width":"","footnotes":""},"categories":[119],"tags":[107],"class_list":["post-164502","post","type-post","status-publish","format-standard","has-post-thumbnail","hentry","category-a-solenidades-e-festas","tag-dehonianos"],"_links":{"self":[{"href":"http:\/\/sites.ecclesia.pt\/liturgia\/wp-json\/wp\/v2\/posts\/164502","targetHints":{"allow":["GET"]}}],"collection":[{"href":"http:\/\/sites.ecclesia.pt\/liturgia\/wp-json\/wp\/v2\/posts"}],"about":[{"href":"http:\/\/sites.ecclesia.pt\/liturgia\/wp-json\/wp\/v2\/types\/post"}],"author":[{"embeddable":true,"href":"http:\/\/sites.ecclesia.pt\/liturgia\/wp-json\/wp\/v2\/users\/1"}],"replies":[{"embeddable":true,"href":"http:\/\/sites.ecclesia.pt\/liturgia\/wp-json\/wp\/v2\/comments?post=164502"}],"version-history":[{"count":6,"href":"http:\/\/sites.ecclesia.pt\/liturgia\/wp-json\/wp\/v2\/posts\/164502\/revisions"}],"predecessor-version":[{"id":199587,"href":"http:\/\/sites.ecclesia.pt\/liturgia\/wp-json\/wp\/v2\/posts\/164502\/revisions\/199587"}],"wp:featuredmedia":[{"embeddable":true,"href":"http:\/\/sites.ecclesia.pt\/liturgia\/wp-json\/wp\/v2\/media\/164503"}],"wp:attachment":[{"href":"http:\/\/sites.ecclesia.pt\/liturgia\/wp-json\/wp\/v2\/media?parent=164502"}],"wp:term":[{"taxonomy":"category","embeddable":true,"href":"http:\/\/sites.ecclesia.pt\/liturgia\/wp-json\/wp\/v2\/categories?post=164502"},{"taxonomy":"post_tag","embeddable":true,"href":"http:\/\/sites.ecclesia.pt\/liturgia\/wp-json\/wp\/v2\/tags?post=164502"}],"curies":[{"name":"wp","href":"https:\/\/api.w.org\/{rel}","templated":true}]}}