{"id":175966,"date":"2020-05-23T13:16:16","date_gmt":"2020-05-23T12:16:16","guid":{"rendered":"https:\/\/agencia.ecclesia.pt\/portal\/?p=175966"},"modified":"2021-02-24T18:51:44","modified_gmt":"2021-02-24T18:51:44","slug":"ano-a-solenidade-da-ascensao-do-senhor","status":"publish","type":"post","link":"http:\/\/sites.ecclesia.pt\/liturgia\/ano-a-solenidade-da-ascensao-do-senhor\/","title":{"rendered":"Ano A &#8211; Solenidade da Ascens\u00e3o do Senhor &#8211; Dehonianos"},"content":{"rendered":"<p><iframe loading=\"lazy\" title=\"Ano A - Solenidade da Ascens\u00e3o. Coment\u00e1rio do padre manuel Barbosa, scj\" width=\"1080\" height=\"608\" src=\"https:\/\/www.youtube.com\/embed\/AWbKgwqjSEs?feature=oembed\"  allow=\"accelerometer; autoplay; clipboard-write; encrypted-media; gyroscope; picture-in-picture\" allowfullscreen><\/iframe><\/p>\n<p><em>Olhar para o C\u00e9u, partir em miss\u00e3o<\/em><\/p>\n<p><!--more--><\/p>\n<p>A Solenidade da Ascens\u00e3o de Jesus, que hoje celebramos, sugere que, no final do caminho percorrido no amor e na doa\u00e7\u00e3o, est\u00e1 a vida definitiva na comunh\u00e3o com Deus. Os disc\u00edpulos e seguidores de Jesus s\u00e3o chamados a concretizar o seu testemunho hoje.<\/p>\n<p>Na primeira leitura, repete-se a mensagem essencial da liturgia deste domingo: Jesus, depois de ter apresentado ao mundo o projeto do Pai, entrou na vida definitiva de comunh\u00e3o com Ele. Os disc\u00edpulos n\u00e3o podem ficar a olhar para o C\u00e9u numa passividade alienante; mas t\u00eam de ir para o meio das pessoas, continuar o projeto de Jesus. Uma Igreja em sa\u00edda, no dizer do Papa Francisco.<\/p>\n<p>A\u00ed est\u00e1 a segunda leitura a convidar os disc\u00edpulos a terem consci\u00eancia dessa esperan\u00e7a de vida plena em comunh\u00e3o com Deus. Devem caminhar ao encontro dessa esperan\u00e7a de m\u00e3os dadas com os irm\u00e3os, membros do mesmo corpo, e em comunh\u00e3o com Cristo, a cabe\u00e7a desse corpo.<\/p>\n<p>O Evangelho apresenta o encontro final de Jesus ressuscitado com os seus disc\u00edpulos, num monte da Galileia. A comunidade dos disc\u00edpulos, reunida \u00e0 volta de Jesus ressuscitado, reconhece-O como o seu Senhor, adora-O, recebe d\u2019Ele a miss\u00e3o de continuar no mundo o testemunho do Reino. Ide, ensinai, batizai, testemunhai.<\/p>\n<p>E que fazemos n\u00f3s, hoje?<\/p>\n<p>\u00c9 um tremendo desafio testemunhar no nosso mundo os valores do Reino, esses valores que, muitas vezes, est\u00e3o em contradi\u00e7\u00e3o com aquilo que o mundo defende e que o mundo considera serem as prioridades da vida.<\/p>\n<p>Com frequ\u00eancia, os disc\u00edpulos de Jesus s\u00e3o objeto de desprezo e indiferen\u00e7a, porque insistem em testemunhar que a felicidade est\u00e1 no perd\u00e3o e no amor, no servi\u00e7o e no dom da vida.<\/p>\n<p>O confronto com o mundo gera muitas vezes, nos disc\u00edpulos, desilus\u00e3o, sofrimento, frustra\u00e7\u00e3o. Nos momentos de dece\u00e7\u00e3o e de desilus\u00e3o conv\u00e9m, no entanto, recordar as palavras de Jesus: \u201cEu estarei convosco at\u00e9 ao fim dos tempos\u201d. Esta certeza deve alimentar a coragem com que testemunhamos aquilo em que acreditamos.<\/p>\n<p>Olhar para o C\u00e9u implica estarmos atentos aos problemas e \u00e0s ang\u00fastias das pessoas, questionados pelas inquieta\u00e7\u00f5es e mis\u00e9rias, pelos sofrimentos e sonhos, pelas esperan\u00e7as e alegrias que enchem o cora\u00e7\u00e3o dos que nos rodeiam, sentirmo-nos solid\u00e1rios com todos, particularmente com aqueles que sofrem.<\/p>\n<p>\u00c9 isso que a Ascens\u00e3o nos pede hoje e nesta semana: olhar para o C\u00e9u e partir em miss\u00e3o, levando o Senhor no cora\u00e7\u00e3o. E como nos pede o Papa Francisco neste Dia Mundial dos Meios de Comunica\u00e7\u00e3o Social, procuremos espalhar hist\u00f3rias boas no meio da confus\u00e3o das vozes e mensagens que nos rodeiam, hist\u00f3rias que falem de n\u00f3s mesmos e da beleza que nos habita, hist\u00f3rias que saibam olhar o mundo e os acontecimentos com ternura.<\/p>\n<p><em>Manuel Barbosa, scj<\/em><br \/>\n<em>www.dehonianos.org<\/em><\/p>\n<p>&nbsp;<\/p>\n","protected":false},"excerpt":{"rendered":"<p>Olhar para o C\u00e9u, partir em miss\u00e3o<\/p>\n","protected":false},"author":1,"featured_media":175968,"comment_status":"closed","ping_status":"closed","sticky":false,"template":"","format":"standard","meta":{"_et_pb_use_builder":"","_et_pb_old_content":"","_et_gb_content_width":"","footnotes":""},"categories":[119],"tags":[107],"class_list":["post-175966","post","type-post","status-publish","format-standard","has-post-thumbnail","hentry","category-a-solenidades-e-festas","tag-dehonianos"],"_links":{"self":[{"href":"http:\/\/sites.ecclesia.pt\/liturgia\/wp-json\/wp\/v2\/posts\/175966","targetHints":{"allow":["GET"]}}],"collection":[{"href":"http:\/\/sites.ecclesia.pt\/liturgia\/wp-json\/wp\/v2\/posts"}],"about":[{"href":"http:\/\/sites.ecclesia.pt\/liturgia\/wp-json\/wp\/v2\/types\/post"}],"author":[{"embeddable":true,"href":"http:\/\/sites.ecclesia.pt\/liturgia\/wp-json\/wp\/v2\/users\/1"}],"replies":[{"embeddable":true,"href":"http:\/\/sites.ecclesia.pt\/liturgia\/wp-json\/wp\/v2\/comments?post=175966"}],"version-history":[{"count":2,"href":"http:\/\/sites.ecclesia.pt\/liturgia\/wp-json\/wp\/v2\/posts\/175966\/revisions"}],"predecessor-version":[{"id":199628,"href":"http:\/\/sites.ecclesia.pt\/liturgia\/wp-json\/wp\/v2\/posts\/175966\/revisions\/199628"}],"wp:featuredmedia":[{"embeddable":true,"href":"http:\/\/sites.ecclesia.pt\/liturgia\/wp-json\/wp\/v2\/media\/175968"}],"wp:attachment":[{"href":"http:\/\/sites.ecclesia.pt\/liturgia\/wp-json\/wp\/v2\/media?parent=175966"}],"wp:term":[{"taxonomy":"category","embeddable":true,"href":"http:\/\/sites.ecclesia.pt\/liturgia\/wp-json\/wp\/v2\/categories?post=175966"},{"taxonomy":"post_tag","embeddable":true,"href":"http:\/\/sites.ecclesia.pt\/liturgia\/wp-json\/wp\/v2\/tags?post=175966"}],"curies":[{"name":"wp","href":"https:\/\/api.w.org\/{rel}","templated":true}]}}