{"id":182506,"date":"2020-08-01T12:00:58","date_gmt":"2020-08-01T11:00:58","guid":{"rendered":"https:\/\/agencia.ecclesia.pt\/portal\/?p=182506"},"modified":"2021-02-24T18:36:48","modified_gmt":"2021-02-24T18:36:48","slug":"ano-a-18o-domingo-do-tempo-comum","status":"publish","type":"post","link":"http:\/\/sites.ecclesia.pt\/liturgia\/ano-a-18o-domingo-do-tempo-comum\/","title":{"rendered":"Ano A &#8211; 18.\u00ba Domingo do Tempo Comum &#8211; Dehonianos"},"content":{"rendered":"<p><iframe loading=\"lazy\" title=\"Ano A - 18\u00ba Domingo do Tempo Comum. Coment\u00e1rio do padre Manuel Barbosa, scj.\" width=\"1080\" height=\"608\" src=\"https:\/\/www.youtube.com\/embed\/92ZMiWHbF_s?feature=oembed\"  allow=\"accelerometer; autoplay; clipboard-write; encrypted-media; gyroscope; picture-in-picture\" allowfullscreen><\/iframe><\/p>\n<p><em>Acolher e repartir o P\u00e3o da Eucaristia<\/em><\/p>\n<p><!--more--><\/p>\n<p>Na liturgia da Palavra do 18.\u00ba Domingo do Tempo Comum, Deus convida-nos a sentarmo-nos \u00e0 mesa que Ele pr\u00f3prio preparou, onde nos oferece gratuitamente o alimento que sacia a nossa fome de vida, de felicidade, de eternidade.<\/p>\n<p>Na primeira leitura, Deus convida o seu Povo a deixar a terra da escravid\u00e3o e a dirigir-se ao encontro da terra da liberdade, a Jerusal\u00e9m nova da justi\u00e7a, do amor e da paz. A\u00ed, Deus saciar\u00e1 definitivamente a fome do seu Povo e oferecer-lhe-\u00e1 gratuitamente a vida em abund\u00e2ncia, a felicidade sem fim.<\/p>\n<p>Na segunda leitura, no hino ao amor de Deus pelos homens, amor do qual nenhum poder hostil nos pode afastar, percebemos porque \u00e9 que Deus enviou ao mundo o seu pr\u00f3prio Filho, a fim de nos convidar para o banquete da vida eterna.<\/p>\n<p>O Evangelho apresenta-nos Jesus, o novo Mois\u00e9s, com a miss\u00e3o de realizar a liberta\u00e7\u00e3o do seu Povo. No contexto de uma refei\u00e7\u00e3o, Jesus mostra aos seus disc\u00edpulos que \u00e9 preciso acolher o p\u00e3o que Deus oferece e reparti-lo com todos. \u00c9 dessa forma que os membros da comunidade do Reino fugir\u00e3o da escravid\u00e3o do ego\u00edsmo e alcan\u00e7ar\u00e3o a liberdade do amor.<\/p>\n<p>Somos convidados a refletir sobre a preocupa\u00e7\u00e3o de Deus em oferecer a todas as pessoas a vida em abund\u00e2ncia. Todos somos convidados para o banquete do Reino. Aos desclassificados e proscritos que vivem \u00e0 margem da vida e da hist\u00f3ria, aos que t\u00eam fome de amor e de justi\u00e7a, aos que vivem atolados no desespero, aos que t\u00eam permanentemente os olhos toldados por l\u00e1grimas de tristeza, aos que o mundo condena e marginaliza, aos que n\u00e3o t\u00eam p\u00e3o na mesa nem paz no cora\u00e7\u00e3o, Deus diz: \u00abQuero oferecer-te essa plenitude de vida que os teus irm\u00e3os te negam. Tu tamb\u00e9m est\u00e1s convidado para a mesa do Reino\u00bb.<\/p>\n<p>A narra\u00e7\u00e3o do Evangelho de hoje tem um ineg\u00e1vel contexto eucar\u00edstico; as palavras \u00abergueu os olhos ao c\u00e9u e recitou a b\u00ean\u00e7\u00e3o, partiu os p\u00e3es e deu-os aos disc\u00edpulos\u00bb levam-nos \u00e0 f\u00f3rmula que usamos sempre que celebramos a Eucaristia.<\/p>\n<p>Sentar-se \u00e0 mesa com Jesus e receber o P\u00e3o que Ele oferece, a Eucaristia, \u00e9 comprometer-se com a din\u00e2mica do Reino e assumir atitudes de partilha, amor e servi\u00e7o.<\/p>\n<p>Celebrar a Eucaristia obriga-nos a lutar contra as desigualdades, os sistemas de explora\u00e7\u00e3o, os esquemas de a\u00e7ambarcamento dos bens, os esbanjamentos, a procura de bens sup\u00e9rfluos.<\/p>\n<p>Nunca nos cansemos de acolher e repartir o P\u00e3o da Eucaristia, para saciar tantas fomes bem pr\u00f3ximas de n\u00f3s. S\u00f3 assim estamos a tornar Jesus presente no mundo e a fazer com que o Reino seja uma realidade viva nas nossas vidas, fam\u00edlias e comunidades.<\/p>\n<p><em>Manuel Barbosa, scj<\/em><br \/>\n<em>www.dehonianos.org<\/em><\/p>\n","protected":false},"excerpt":{"rendered":"<p>Acolher e repartir o P\u00e3o da Eucaristia<\/p>\n","protected":false},"author":1,"featured_media":182508,"comment_status":"closed","ping_status":"closed","sticky":false,"template":"","format":"standard","meta":{"_et_pb_use_builder":"","_et_pb_old_content":"","_et_gb_content_width":"","footnotes":""},"categories":[105],"tags":[107],"class_list":["post-182506","post","type-post","status-publish","format-standard","has-post-thumbnail","hentry","category-a-tempo-comum","tag-dehonianos"],"_links":{"self":[{"href":"http:\/\/sites.ecclesia.pt\/liturgia\/wp-json\/wp\/v2\/posts\/182506","targetHints":{"allow":["GET"]}}],"collection":[{"href":"http:\/\/sites.ecclesia.pt\/liturgia\/wp-json\/wp\/v2\/posts"}],"about":[{"href":"http:\/\/sites.ecclesia.pt\/liturgia\/wp-json\/wp\/v2\/types\/post"}],"author":[{"embeddable":true,"href":"http:\/\/sites.ecclesia.pt\/liturgia\/wp-json\/wp\/v2\/users\/1"}],"replies":[{"embeddable":true,"href":"http:\/\/sites.ecclesia.pt\/liturgia\/wp-json\/wp\/v2\/comments?post=182506"}],"version-history":[{"count":2,"href":"http:\/\/sites.ecclesia.pt\/liturgia\/wp-json\/wp\/v2\/posts\/182506\/revisions"}],"predecessor-version":[{"id":199592,"href":"http:\/\/sites.ecclesia.pt\/liturgia\/wp-json\/wp\/v2\/posts\/182506\/revisions\/199592"}],"wp:featuredmedia":[{"embeddable":true,"href":"http:\/\/sites.ecclesia.pt\/liturgia\/wp-json\/wp\/v2\/media\/182508"}],"wp:attachment":[{"href":"http:\/\/sites.ecclesia.pt\/liturgia\/wp-json\/wp\/v2\/media?parent=182506"}],"wp:term":[{"taxonomy":"category","embeddable":true,"href":"http:\/\/sites.ecclesia.pt\/liturgia\/wp-json\/wp\/v2\/categories?post=182506"},{"taxonomy":"post_tag","embeddable":true,"href":"http:\/\/sites.ecclesia.pt\/liturgia\/wp-json\/wp\/v2\/tags?post=182506"}],"curies":[{"name":"wp","href":"https:\/\/api.w.org\/{rel}","templated":true}]}}