{"id":192113,"date":"2020-11-29T01:06:24","date_gmt":"2020-11-29T01:06:24","guid":{"rendered":"https:\/\/agencia.ecclesia.pt\/portal\/?p=192113"},"modified":"2021-04-17T11:46:38","modified_gmt":"2021-04-17T10:46:38","slug":"ano-b-1o-domingo-do-advento","status":"publish","type":"post","link":"http:\/\/sites.ecclesia.pt\/liturgia\/ano-b-1o-domingo-do-advento\/","title":{"rendered":"Ano B &#8211; 01.\u00ba Domingo do Advento &#8211; Dehonianos"},"content":{"rendered":"<p><iframe loading=\"lazy\" title=\"Ano B - 1\u00ba domingo do Advento. Coment\u00e1rio do padre Manuel Barbosa, scj\" width=\"1080\" height=\"608\" src=\"https:\/\/www.youtube.com\/embed\/ZYTrKQjd5M4?feature=oembed\"  allow=\"accelerometer; autoplay; clipboard-write; encrypted-media; gyroscope; picture-in-picture\" allowfullscreen><\/iframe><\/p>\n<p>Como viver o Advento?<\/p>\n<p><!--more--><\/p>\n<p>Neste primeiro Domingo do Advento iniciamos o ciclo lit\u00fargico do Ano B.<\/p>\n<p>Vinda e Vig\u00edlia: estas duas palavras s\u00e3o muito usadas na liturgia do Advento, em particular neste domingo, a exigir atitudes novas.<\/p>\n<p>O tempo do Advento quer sensibilizar-nos para esta vinda. A dimens\u00e3o escatol\u00f3gica, da nossa vida iluminada pelo sentido da comunh\u00e3o plena com Deus, marca toda a vida crist\u00e3.<\/p>\n<p>O apelo que Cristo nos lan\u00e7a \u00e0 vigil\u00e2ncia \u00e9 para ser tomado bem a s\u00e9rio, na celebra\u00e7\u00e3o e na vida quotidiana, para que o Senhor n\u00e3o nos encontre a dormir ou adormecidos.<\/p>\n<p>Como podemos acolher da liturgia da Palavra nas suas indica\u00e7\u00f5es concretas para a nossa vida acerca da forma como devemos viver esse tempo de espera?<\/p>\n<p>A primeira leitura apresenta a ess\u00eancia de Deus como amor e miseric\u00f3rdia. Convida-nos a reconhecer que s\u00f3 Deus \u00e9 fonte de salva\u00e7\u00e3o e de reden\u00e7\u00e3o. Por n\u00f3s pr\u00f3prios, somos incapazes de superar essa rotina de indiferen\u00e7a, de ego\u00edsmo, de viol\u00eancia, de mentira, de injusti\u00e7a que tantas vezes caracteriza a nossa caminhada pela vida. Resta-nos acolher o dom de Deus com humildade e com um cora\u00e7\u00e3o agradecido.<\/p>\n<p>A segunda leitura mostra como Deus Se torna presente na hist\u00f3ria e na vida de uma comunidade crente, atrav\u00e9s dos dons e carismas que gratuitamente derrama sobre o seu Povo. Sugere que nos mantenhamos atentos e vigilantes, a fim de acolhermos os dons de Deus.<\/p>\n<p>O Evangelho convida-nos a enfrentar a hist\u00f3ria com coragem, determina\u00e7\u00e3o e esperan\u00e7a, animados pela certeza da vinda do Senhor. Ensina-nos ainda que esse tempo de espera deve ser um tempo de vigil\u00e2ncia, um tempo de compromisso ativo e efetivo com a constru\u00e7\u00e3o do Reino. Estar vigilante \u00e9 estar sempre ativo, empenhado, comprometido na constru\u00e7\u00e3o de um mundo de vida, de amor e de paz. \u00c9 lutar de forma decidida e corajosa contra a mentira, o ego\u00edsmo, a injusti\u00e7a, tudo aquilo que rouba a vida e a felicidade a qualquer irm\u00e3o que caminhe ao nosso lado.<\/p>\n<p>As indica\u00e7\u00f5es concretas da Palavra de Deus deste domingo s\u00e3o oportunas para um novo come\u00e7o. Devido \u00e0s nossas numerosas atividades, inclusive na Igreja, a nossa vigil\u00e2ncia est\u00e1 muitas vezes amea\u00e7ada: falta-nos o tempo para parar, discernir, fazer novas escolhas em ordem a despertar a nossa ades\u00e3o a Cristo.<\/p>\n<p>O tempo do Advento oferece-nos esta oportunidade de um novo come\u00e7o e de um renovado e intenso olhar para com aqueles que s\u00e3o os pr\u00f3ximos da nossa vida, em tantas situa\u00e7\u00f5es humanas que s\u00e3o de bradar aos c\u00e9us e de gritar na terra. Em tempo de pandemia e de tantas dificuldades, n\u00e3o percamos a oportunidade de viver o Advento como aut\u00eantico tempo de gra\u00e7a para todos n\u00f3s.<\/p>\n<p><em>Manuel Barbosa, scj<\/em><br \/>\n<em>www.dehonianos.org<\/em><\/p>\n<p>&nbsp;<\/p>\n","protected":false},"excerpt":{"rendered":"<p>Como viver o Advento?<\/p>\n","protected":false},"author":1,"featured_media":192115,"comment_status":"closed","ping_status":"closed","sticky":false,"template":"","format":"standard","meta":{"_et_pb_use_builder":"","_et_pb_old_content":"","_et_gb_content_width":"","footnotes":""},"categories":[120],"tags":[107],"class_list":["post-192113","post","type-post","status-publish","format-standard","has-post-thumbnail","hentry","category-b-advento","tag-dehonianos"],"_links":{"self":[{"href":"http:\/\/sites.ecclesia.pt\/liturgia\/wp-json\/wp\/v2\/posts\/192113","targetHints":{"allow":["GET"]}}],"collection":[{"href":"http:\/\/sites.ecclesia.pt\/liturgia\/wp-json\/wp\/v2\/posts"}],"about":[{"href":"http:\/\/sites.ecclesia.pt\/liturgia\/wp-json\/wp\/v2\/types\/post"}],"author":[{"embeddable":true,"href":"http:\/\/sites.ecclesia.pt\/liturgia\/wp-json\/wp\/v2\/users\/1"}],"replies":[{"embeddable":true,"href":"http:\/\/sites.ecclesia.pt\/liturgia\/wp-json\/wp\/v2\/comments?post=192113"}],"version-history":[{"count":5,"href":"http:\/\/sites.ecclesia.pt\/liturgia\/wp-json\/wp\/v2\/posts\/192113\/revisions"}],"predecessor-version":[{"id":199938,"href":"http:\/\/sites.ecclesia.pt\/liturgia\/wp-json\/wp\/v2\/posts\/192113\/revisions\/199938"}],"wp:featuredmedia":[{"embeddable":true,"href":"http:\/\/sites.ecclesia.pt\/liturgia\/wp-json\/wp\/v2\/media\/192115"}],"wp:attachment":[{"href":"http:\/\/sites.ecclesia.pt\/liturgia\/wp-json\/wp\/v2\/media?parent=192113"}],"wp:term":[{"taxonomy":"category","embeddable":true,"href":"http:\/\/sites.ecclesia.pt\/liturgia\/wp-json\/wp\/v2\/categories?post=192113"},{"taxonomy":"post_tag","embeddable":true,"href":"http:\/\/sites.ecclesia.pt\/liturgia\/wp-json\/wp\/v2\/tags?post=192113"}],"curies":[{"name":"wp","href":"https:\/\/api.w.org\/{rel}","templated":true}]}}