{"id":192616,"date":"2020-12-05T15:52:25","date_gmt":"2020-12-05T15:52:25","guid":{"rendered":"https:\/\/agencia.ecclesia.pt\/portal\/?p=192616"},"modified":"2021-02-25T18:11:45","modified_gmt":"2021-02-25T18:11:45","slug":"ano-b-2-o-domingo-de-advento","status":"publish","type":"post","link":"http:\/\/sites.ecclesia.pt\/liturgia\/ano-b-2-o-domingo-de-advento\/","title":{"rendered":"Ano B &#8211; 02.\u00ba Domingo de Advento &#8211; Dehonianos"},"content":{"rendered":"<p><iframe loading=\"lazy\" title=\"Ano B - 2.\u00ba Domingo de Advento. Coment\u00e1rio do padre Manuel Barbosa, scj\" width=\"1080\" height=\"608\" src=\"https:\/\/www.youtube.com\/embed\/nUyE3iBVStE?feature=oembed\"  allow=\"accelerometer; autoplay; clipboard-write; encrypted-media; gyroscope; picture-in-picture\" allowfullscreen><\/iframe><\/p>\n<p><em>Dar todo o espa\u00e7o para Cristo<\/em><\/p>\n<p><!--more--><\/p>\n<p>Na liturgia deste segundo domingo de Advento h\u00e1 um forte apelo ao reencontro do homem com Deus, \u00e0 convers\u00e3o. Deus oferece-nos um mundo novo de liberdade, de justi\u00e7a e de paz, mas esse mundo s\u00f3 se tornar\u00e1 realidade quando aceitarmos reformar o nosso cora\u00e7\u00e3o, abrindo-o aos valores de Deus. \u00c9 a mensagem do Evangelho, atrav\u00e9s da prega\u00e7\u00e3o de Jo\u00e3o Baptista.<\/p>\n<p>Jo\u00e3o Baptista afirma claramente que preparar a vinda do Messias passa pela convers\u00e3o, por uma transforma\u00e7\u00e3o total, por uma nova atitude de base, por uma outra escala de valores, por uma radical mudan\u00e7a de pensamento, por uma postura vital inteiramente nova, por um movimento radical que leve a reequacionar a nossa vida e a colocar Deus no centro da nossa exist\u00eancia e dos nossos interesses.<\/p>\n<p>Neste tempo de Advento, vivido como tempo pr\u00f3prio e como prepara\u00e7\u00e3o para a celebra\u00e7\u00e3o do Natal do Senhor, esta proposta tem pleno sentido.<\/p>\n<p>Devemos questionar-nos, em concreto, o que \u00e9 que nos nossos pensamentos, comportamentos, mentalidades e valores que dirigem a nossa vida \u00e9 ego\u00edsmo, orgulho e autossufici\u00eancia, impedindo assim o nascimento de Jesus no nosso cora\u00e7\u00e3o e na nossa vida.<\/p>\n<p>Devemos questionar-nos se estamos suficientemente atentos aos profetas que provocam o nosso estilo de vida e os nossos valores, ou se os consideramos figuras incomodativas, ultrapassadas e dispens\u00e1veis, se n\u00f3s, constitu\u00eddos profetas desde o nosso batismo, nos sentimos enviados por Deus a interpelar e a questionar o mundo e os nossos irm\u00e3os.<\/p>\n<p>\u00c0 luz do estilo de vida de Jo\u00e3o Baptista, um estilo s\u00f3brio, simples e centrado no essencial, vejamos se a nossa vida est\u00e1 marcada por valores nos quais apostamos e \u00e0 volta dos quais constru\u00edmos toda a nossa exist\u00eancia, por valores importantes, decisivos, eternos, capazes de nos darem vida e felicidade, ou se nos deixamos levar por valores ef\u00e9meros, particulares, ego\u00edstas e geradores de depend\u00eancia e escravid\u00e3o, assumindo um estilo de vida que contradiz claramente os valores do Evangelho.<\/p>\n<p>N\u00e3o chega dizer \u201ctalvez\u201d ou \u201csim, mas\u2026\u201d. Deus espera uma resposta total, radical, decidida, inequ\u00edvoca \u00e0 sua oferta de salva\u00e7\u00e3o. Isso significa uma ren\u00fancia decidida ao nosso ego\u00edsmo e uma ades\u00e3o decidida pela aventura do Reino que Jesus, h\u00e1 mais de dois mil anos, nos veio propor.<\/p>\n<p>\u00c9 urgente dar a Cristo todo o espa\u00e7o nas nossas vidas: limpar o terreno, permitir que Ele nas\u00e7a no \u00edntimo da nossa vida. O Advento pode ser um tempo de desapropria\u00e7\u00e3o, para melhor encontrar Cristo.<\/p>\n<p>Ao longo desta segunda semana, procuremos libertar espa\u00e7o do nosso ser para o Senhor. S\u00f3 assim permitimos que Ele venha ao nosso cora\u00e7\u00e3o.<\/p>\n<p><em>Manuel Barbosa, scj<\/em><br \/>\n<em>www.dehonianos.org<\/em><\/p>\n<p>&nbsp;<\/p>\n","protected":false},"excerpt":{"rendered":"<p>Dar todo o espa\u00e7o para Cristo<\/p>\n","protected":false},"author":1,"featured_media":192618,"comment_status":"closed","ping_status":"closed","sticky":false,"template":"","format":"standard","meta":{"_et_pb_use_builder":"","_et_pb_old_content":"","_et_gb_content_width":"","footnotes":""},"categories":[120],"tags":[107],"class_list":["post-192616","post","type-post","status-publish","format-standard","has-post-thumbnail","hentry","category-b-advento","tag-dehonianos"],"_links":{"self":[{"href":"http:\/\/sites.ecclesia.pt\/liturgia\/wp-json\/wp\/v2\/posts\/192616","targetHints":{"allow":["GET"]}}],"collection":[{"href":"http:\/\/sites.ecclesia.pt\/liturgia\/wp-json\/wp\/v2\/posts"}],"about":[{"href":"http:\/\/sites.ecclesia.pt\/liturgia\/wp-json\/wp\/v2\/types\/post"}],"author":[{"embeddable":true,"href":"http:\/\/sites.ecclesia.pt\/liturgia\/wp-json\/wp\/v2\/users\/1"}],"replies":[{"embeddable":true,"href":"http:\/\/sites.ecclesia.pt\/liturgia\/wp-json\/wp\/v2\/comments?post=192616"}],"version-history":[{"count":3,"href":"http:\/\/sites.ecclesia.pt\/liturgia\/wp-json\/wp\/v2\/posts\/192616\/revisions"}],"predecessor-version":[{"id":199784,"href":"http:\/\/sites.ecclesia.pt\/liturgia\/wp-json\/wp\/v2\/posts\/192616\/revisions\/199784"}],"wp:featuredmedia":[{"embeddable":true,"href":"http:\/\/sites.ecclesia.pt\/liturgia\/wp-json\/wp\/v2\/media\/192618"}],"wp:attachment":[{"href":"http:\/\/sites.ecclesia.pt\/liturgia\/wp-json\/wp\/v2\/media?parent=192616"}],"wp:term":[{"taxonomy":"category","embeddable":true,"href":"http:\/\/sites.ecclesia.pt\/liturgia\/wp-json\/wp\/v2\/categories?post=192616"},{"taxonomy":"post_tag","embeddable":true,"href":"http:\/\/sites.ecclesia.pt\/liturgia\/wp-json\/wp\/v2\/tags?post=192616"}],"curies":[{"name":"wp","href":"https:\/\/api.w.org\/{rel}","templated":true}]}}