{"id":193928,"date":"2020-12-19T12:00:59","date_gmt":"2020-12-19T12:00:59","guid":{"rendered":"https:\/\/agencia.ecclesia.pt\/portal\/?p=193928"},"modified":"2021-02-25T16:30:39","modified_gmt":"2021-02-25T16:30:39","slug":"ano-b-4-o-domingo-do-advento","status":"publish","type":"post","link":"http:\/\/sites.ecclesia.pt\/liturgia\/ano-b-4-o-domingo-do-advento\/","title":{"rendered":"Ano B &#8211; 04.\u00ba Domingo do Advento &#8211; Dehonianos"},"content":{"rendered":"<p><iframe loading=\"lazy\" title=\"Ano B - 4.\u00ba Domingo do Advento. Coment\u00e1rio do padre Manuel Barbosa, scj\" width=\"1080\" height=\"608\" src=\"https:\/\/www.youtube.com\/embed\/xU0MregIfCw?feature=oembed\"  allow=\"accelerometer; autoplay; clipboard-write; encrypted-media; gyroscope; picture-in-picture\" allowfullscreen><\/iframe><\/p>\n<p><em>Como Maria, dizer sim \u00e0 ternura de Deus<\/em><\/p>\n<p><!--more--><\/p>\n<p>A liturgia deste \u00faltimo Domingo do Advento refere-se repetidamente ao projeto de vida plena e de salva\u00e7\u00e3o definitiva que Deus tem para nos oferecer.<\/p>\n<p>A primeira leitura apresenta a promessa de Deus a David, pela boca do profeta Nat\u00e3. Deus nunca abandonar\u00e1 o seu Povo nem desistir\u00e1 de o conduzir ao encontro da felicidade e da realiza\u00e7\u00e3o plenas. Essa promessa ir\u00e1 concretizar-se num filho de David, atrav\u00e9s do qual Deus oferecer\u00e1 ao seu Povo a estabilidade, a seguran\u00e7a, a paz, a abund\u00e2ncia, a fecundidade, a felicidade sem fim.<\/p>\n<p>A segunda leitura chama mist\u00e9rio a esse projeto de salva\u00e7\u00e3o, preparado por Deus desde sempre, que se manifesta plenamente em Jesus e nos integra na fam\u00edlia de Deus.<\/p>\n<p>O Evangelho refere-se ao momento em que Jesus encarna na hist\u00f3ria da humanidade, atrav\u00e9s do sim de Maria, a fim de nos trazer a salva\u00e7\u00e3o e a vida definitivas.<\/p>\n<p>A hist\u00f3ria de Maria de Nazar\u00e9 mostra-nos como \u00e9 poss\u00edvel fazer Jesus nascer no mundo: atrav\u00e9s de um sim incondicional aos projetos de Deus. \u00c9 preciso que, atrav\u00e9s dos nossos sins de cada instante, da nossa disponibilidade e entrega, Jesus possa vir ao mundo e oferecer a salva\u00e7\u00e3o e a vida de Deus aos nossos irm\u00e3os, particularmente aos pobres, aos humildes, aos infelizes, aos marginalizados.<\/p>\n<p>A exemplo de Maria, qual deve ser o nosso compromisso aos projetos de Deus: acolhemo-los sem reservas, com amor e disponibilidade, numa atitude de entrega total a Deus, ou assumimos uma atitude ego\u00edsta de defesa intransigente dos nossos projetos pessoais e dos nossos interesses ego\u00edstas?<\/p>\n<p>Como \u00e9 que se chega \u00e0 confian\u00e7a incondicional em Deus e nos seus projetos? Naturalmente s\u00f3 com uma vida de di\u00e1logo, de comunh\u00e3o, de intimidade com Deus.<\/p>\n<p>No meio da agita\u00e7\u00e3o de todos os dias, devemos encontrar tempo e disponibilidade para ouvir Deus, para viver em comunh\u00e3o com Ele, para tentar perceber os seus sinais nas indica\u00e7\u00f5es que Ele nos d\u00e1 dia a dia.<\/p>\n<p>Maria de Nazar\u00e9 foi uma mulher de f\u00e9 para quem Deus ocupava o primeiro lugar e era a prioridade fundamental. Maria ajuda-nos a dar o salto da f\u00e9, ela \u00e9 o nosso modelo, ao mesmo tempo \u00e9 nossa M\u00e3e.<\/p>\n<p>J\u00e1 quase a chegar ao Natal, procuremos, com Maria, tomar uma decis\u00e3o que comprometa a nossa f\u00e9, de encontrar um ritmo mais regular para a ora\u00e7\u00e3o, de prever uma paragem espiritual, talvez um tempo de retiro, por breve que seja, para fazer o ponto da situa\u00e7\u00e3o da nossa vida com o Senhor.<\/p>\n<p>Como Maria, renovemos a nossa confian\u00e7a em Deus, que nasce em Jesus. Como nos diz o Papa Francisco, olhemos para Maria como \u00abaquela que sabe transformar um curral de animais na casa de Jesus, com uns pobres paninhos e uma montanha de ternura\u00bb.<\/p>\n<p><em>Manuel Barbosa, scj<\/em><br \/>\n<em>www.dehonianos.org<\/em><\/p>\n","protected":false},"excerpt":{"rendered":"<p>Como Maria, dizer sim \u00e0 ternura de Deus<\/p>\n","protected":false},"author":1,"featured_media":193930,"comment_status":"closed","ping_status":"closed","sticky":false,"template":"","format":"standard","meta":{"_et_pb_use_builder":"","_et_pb_old_content":"","_et_gb_content_width":"","footnotes":""},"categories":[120],"tags":[107],"class_list":["post-193928","post","type-post","status-publish","format-standard","has-post-thumbnail","hentry","category-b-advento","tag-dehonianos"],"_links":{"self":[{"href":"http:\/\/sites.ecclesia.pt\/liturgia\/wp-json\/wp\/v2\/posts\/193928","targetHints":{"allow":["GET"]}}],"collection":[{"href":"http:\/\/sites.ecclesia.pt\/liturgia\/wp-json\/wp\/v2\/posts"}],"about":[{"href":"http:\/\/sites.ecclesia.pt\/liturgia\/wp-json\/wp\/v2\/types\/post"}],"author":[{"embeddable":true,"href":"http:\/\/sites.ecclesia.pt\/liturgia\/wp-json\/wp\/v2\/users\/1"}],"replies":[{"embeddable":true,"href":"http:\/\/sites.ecclesia.pt\/liturgia\/wp-json\/wp\/v2\/comments?post=193928"}],"version-history":[{"count":3,"href":"http:\/\/sites.ecclesia.pt\/liturgia\/wp-json\/wp\/v2\/posts\/193928\/revisions"}],"predecessor-version":[{"id":199688,"href":"http:\/\/sites.ecclesia.pt\/liturgia\/wp-json\/wp\/v2\/posts\/193928\/revisions\/199688"}],"wp:featuredmedia":[{"embeddable":true,"href":"http:\/\/sites.ecclesia.pt\/liturgia\/wp-json\/wp\/v2\/media\/193930"}],"wp:attachment":[{"href":"http:\/\/sites.ecclesia.pt\/liturgia\/wp-json\/wp\/v2\/media?parent=193928"}],"wp:term":[{"taxonomy":"category","embeddable":true,"href":"http:\/\/sites.ecclesia.pt\/liturgia\/wp-json\/wp\/v2\/categories?post=193928"},{"taxonomy":"post_tag","embeddable":true,"href":"http:\/\/sites.ecclesia.pt\/liturgia\/wp-json\/wp\/v2\/tags?post=193928"}],"curies":[{"name":"wp","href":"https:\/\/api.w.org\/{rel}","templated":true}]}}