{"id":195089,"date":"2021-01-02T12:06:50","date_gmt":"2021-01-02T12:06:50","guid":{"rendered":"https:\/\/agencia.ecclesia.pt\/portal\/?p=195089"},"modified":"2021-02-25T16:33:42","modified_gmt":"2021-02-25T16:33:42","slug":"ano-b-solenidade-da-epifania-do-senhor-2","status":"publish","type":"post","link":"http:\/\/sites.ecclesia.pt\/liturgia\/ano-b-solenidade-da-epifania-do-senhor-2\/","title":{"rendered":"Ano B &#8211; Solenidade da Epifania do Senhor &#8211; Dehonianos"},"content":{"rendered":"<p><iframe loading=\"lazy\" title=\"Ano B - Solenidade da Epifania do Senhor. Coment\u00e1rio do padre Manuel Barbosa, scj\" width=\"1080\" height=\"608\" src=\"https:\/\/www.youtube.com\/embed\/MhV8caAFHaE?feature=oembed\"  allow=\"accelerometer; autoplay; clipboard-write; encrypted-media; gyroscope; picture-in-picture\" allowfullscreen><\/iframe><\/p>\n<p>Erguer os olhos e p\u00f4r-se a caminho<\/p>\n<p><!--more--><\/p>\n<p>A liturgia deste domingo, Solenidade da Epifania do Senhor, celebra a manifesta\u00e7\u00e3o de Jesus, a Luz para todos os povos da terra.<\/p>\n<p>A primeira leitura anuncia a chegada da luz salvadora de Deus, que transfigurar\u00e1 Jerusal\u00e9m e que atrair\u00e1 \u00e0 cidade de Deus povos de todo o mundo.<\/p>\n<p>A segunda leitura apresenta o projeto salvador de Deus como uma realidade que vai atingir toda a humanidade, juntando judeus e pag\u00e3os numa mesma comunidade de irm\u00e3os, a comunidade de Jesus.<\/p>\n<p>No Evangelho, vemos a concretiza\u00e7\u00e3o dessa promessa: ao encontro de Jesus v\u00eam os magos do oriente, representantes de todos os povos da terra.<\/p>\n<p>Os magos tinham o h\u00e1bito de indagar os astros. Viram uma estrela, sem d\u00favida nova para os seus olhos, e puseram-se logo a caminho. Aquele que procuravam parece querer fazer-se conhecer. Um sinal basta para estes magos. Param diante do menino, experimentam uma grande alegria, prostram-se e oferecem os seus presentes.<\/p>\n<p>A crian\u00e7a que eles descobrem n\u00e3o \u00e9 uma crian\u00e7a como as outras: oferecem-lhe oiro, porque \u00e9 rei; queimam incenso, porque \u00e9 Deus; apresentam a mirra, porque passar\u00e1 pela morte antes de ressuscitar. Para o regresso, n\u00e3o t\u00eam necessidade da estrela. Deus convida-os a regressar por outro caminho. O verdadeiro rei n\u00e3o \u00e9 Herodes, mas esta crian\u00e7a que acaba de nascer.<\/p>\n<p>Os magos s\u00e3o homens dos sinais, que sabem ver na estrela o sinal da chegada da liberta\u00e7\u00e3o. E n\u00f3s? Somos pessoas atentas aos sinais, capazes de ler os acontecimentos da nossa hist\u00f3ria e da nossa vida \u00e0 luz de Deus?<\/p>\n<p>Os magos viram a estrela, deixaram tudo, arriscaram tudo e vieram procurar Jesus. E n\u00f3s? Somos capazes da mesma atitude de desinstala\u00e7\u00e3o, de deixar tudo para responder aos apelos que Jesus nos faz atrav\u00e9s dos irm\u00e3os? Ou estamos demasiado agarrados ao nosso sof\u00e1, \u00e0 nossa televis\u00e3o, \u00e0 nossa aparelhagem, ao nosso computador, \u00e0s redes ditas sociais?<\/p>\n<p>Os magos s\u00e3o a imagem da Igreja, fam\u00edlia de irm\u00e3os, constitu\u00edda por gente de muitas cores e ra\u00e7as, que aderem a Jesus e que O reconhecem como o seu Senhor.<\/p>\n<p>Erguer os olhos e aceitar p\u00f4r-se a caminho: tal \u00e9 o convite que nos \u00e9 feito hoje. Uma estrela brilha sempre na noite, se n\u00f3s a observarmos com aten\u00e7\u00e3o. Erguer os olhos: descentrar-se de si mesmo, procurar ajuda da parte de Deus.<\/p>\n<p>Nos pr\u00f3ximos dias e ao longo deste novo ano, esta estrela ser\u00e1 talvez uma caminhada a empreender para sair, encontrar ajuda ou levar ajuda a algu\u00e9m, tomar uma decis\u00e3o at\u00e9 aqui adiada. E como \u00e9 t\u00e3o urgente na situa\u00e7\u00e3o de pandemia que nos atinge e nos faz sofrer! Cada um saber\u00e1 qual a melhor atitude para levar a Palavra de Deus no cora\u00e7\u00e3o, sempre iluminado pela \u00fanica estrela que \u00e9 Jesus.<\/p>\n<p>Manuel Barbosa, scj<br \/>\nwww.dehonianos.org<\/p>\n<p>&nbsp;<\/p>\n","protected":false},"excerpt":{"rendered":"<p>Erguer os olhos e p\u00f4r-se a caminho<\/p>\n","protected":false},"author":1,"featured_media":195091,"comment_status":"closed","ping_status":"closed","sticky":false,"template":"","format":"standard","meta":{"_et_pb_use_builder":"","_et_pb_old_content":"","_et_gb_content_width":"","footnotes":""},"categories":[110],"tags":[107],"class_list":["post-195089","post","type-post","status-publish","format-standard","has-post-thumbnail","hentry","category-b-solenidades-e-festas","tag-dehonianos"],"_links":{"self":[{"href":"http:\/\/sites.ecclesia.pt\/liturgia\/wp-json\/wp\/v2\/posts\/195089","targetHints":{"allow":["GET"]}}],"collection":[{"href":"http:\/\/sites.ecclesia.pt\/liturgia\/wp-json\/wp\/v2\/posts"}],"about":[{"href":"http:\/\/sites.ecclesia.pt\/liturgia\/wp-json\/wp\/v2\/types\/post"}],"author":[{"embeddable":true,"href":"http:\/\/sites.ecclesia.pt\/liturgia\/wp-json\/wp\/v2\/users\/1"}],"replies":[{"embeddable":true,"href":"http:\/\/sites.ecclesia.pt\/liturgia\/wp-json\/wp\/v2\/comments?post=195089"}],"version-history":[{"count":2,"href":"http:\/\/sites.ecclesia.pt\/liturgia\/wp-json\/wp\/v2\/posts\/195089\/revisions"}],"predecessor-version":[{"id":199702,"href":"http:\/\/sites.ecclesia.pt\/liturgia\/wp-json\/wp\/v2\/posts\/195089\/revisions\/199702"}],"wp:featuredmedia":[{"embeddable":true,"href":"http:\/\/sites.ecclesia.pt\/liturgia\/wp-json\/wp\/v2\/media\/195091"}],"wp:attachment":[{"href":"http:\/\/sites.ecclesia.pt\/liturgia\/wp-json\/wp\/v2\/media?parent=195089"}],"wp:term":[{"taxonomy":"category","embeddable":true,"href":"http:\/\/sites.ecclesia.pt\/liturgia\/wp-json\/wp\/v2\/categories?post=195089"},{"taxonomy":"post_tag","embeddable":true,"href":"http:\/\/sites.ecclesia.pt\/liturgia\/wp-json\/wp\/v2\/tags?post=195089"}],"curies":[{"name":"wp","href":"https:\/\/api.w.org\/{rel}","templated":true}]}}