{"id":195589,"date":"2021-01-09T12:00:35","date_gmt":"2021-01-09T12:00:35","guid":{"rendered":"https:\/\/agencia.ecclesia.pt\/portal\/?p=195589"},"modified":"2021-02-24T19:39:31","modified_gmt":"2021-02-24T19:39:31","slug":"ano-b-festa-do-batismo-do-senhor","status":"publish","type":"post","link":"http:\/\/sites.ecclesia.pt\/liturgia\/ano-b-festa-do-batismo-do-senhor\/","title":{"rendered":"Ano B &#8211; Festa do Batismo do Senhor &#8211; Dehonianos"},"content":{"rendered":"<p><iframe loading=\"lazy\" title=\"Ano B - Festa do Batismo do Senhor. Coment\u00e1rio do padre Manuel Barbosa, scj\" width=\"1080\" height=\"608\" src=\"https:\/\/www.youtube.com\/embed\/s3aKA03j3FQ?feature=oembed\"  allow=\"accelerometer; autoplay; clipboard-write; encrypted-media; gyroscope; picture-in-picture\" allowfullscreen><\/iframe><\/p>\n<p><em>Batizados em Cristo, praticantes no Amor<\/em><\/p>\n<p><!--more--><\/p>\n<p>Com a Festa do Batismo do Senhor, termina hoje o tempo lit\u00fargico do Natal e inicia-se o tempo comum. Esta hist\u00f3ria de um Deus que envia o pr\u00f3prio Filho ao mundo \u00e9 sempre plena de atualidade e fortemente interpeladora para a vida crist\u00e3.<\/p>\n<p>No epis\u00f3dio do Batismo narrado pelo evangelista Marcos, Jesus aparece como o Filho muito amado no qual o Pai p\u00f4s toda a sua complac\u00eancia. Uma cena que revela a preocupa\u00e7\u00e3o de Deus e o imenso amor que Ele nos dedica; um amor que nos envolve em toda a sua ternura e nos insere numa din\u00e2mica de comunh\u00e3o e de vida nova.<\/p>\n<p>Celebrar o Batismo de Jesus \u00e9 acolher e renovar em n\u00f3s esse plano salvador de Deus revelado no seu Filho muito amado. No dia do nosso Batismo, pessoalmente ou atrav\u00e9s dos pais e padrinhos, comprometemos a nossa vida com Jesus. Um compromisso que \u00e9 urgente renovar de modo concreto em todos os dias da nossa vida.<\/p>\n<p>Celebrar o Batismo de Jesus envolve-nos na sua atitude de obedi\u00eancia radical, de entrega incondicional, de confian\u00e7a absoluta na rela\u00e7\u00e3o com Deus. Nunca esque\u00e7amos que o projeto de Deus \u00e9 sempre mais importante que os nossos projetos pessoais.<\/p>\n<p>Celebrar o Batismo de Jesus coloca-nos face a face com um Deus solid\u00e1rio com a humanidade e que nos oferece um caminho de liberdade e de vida plena. Inseridos nessa din\u00e2mica de vida nova como filhos de Deus pelo Batismo em Jesus Cristo, s\u00f3 podemos ir ao encontro dos irm\u00e3os mais desfavorecidos e estender-lhes a m\u00e3o, partilhar a sorte dos pobres, dos sofredores e dos injusti\u00e7ados, identificar-nos com eles e participar dos seus sofrimentos, conquistar com eles a liberdade e a vida plena, contribuindo para que tenham toda a dignidade e mais esperan\u00e7a. S\u00e3o atitudes que assumimos, pelo Batismo, no quotidiano da nossa vida crist\u00e3.<\/p>\n<p>Celebrar o Batismo de Jesus \u00e9 assumir a mesma miss\u00e3o que Ele recebeu do Esp\u00edrito e que nos leva a partir como seus disc\u00edpulos mission\u00e1rios, para testemunhar de modo s\u00e9rio e comprometido o mesmo programa pelo qual Jesus se empenhou e deu a vida.<\/p>\n<p>Um tempo novo abre-se diante de n\u00f3s: Jesus vai seguir, com toda a liberdade, o caminho de Jerusal\u00e9m e n\u00f3s iremos acompanhar, ao longo do ano lit\u00fargico, o seu ensino e redescobrir os sinais que Ele realiza.<\/p>\n<p>Pelo Batismo, somos convidados a seguir os passos de Cristo: ou dizemos um sim radical a Cristo ou navegamos noutras ondas. N\u00e3o h\u00e1 lugar para batizados n\u00e3o praticantes. Os batizados em Cristo s\u00f3 podem ser praticantes no amor de Deus e nos gestos de salva\u00e7\u00e3o de Deus, na exist\u00eancia quotidiana, celebrada e vivida.<\/p>\n<p><em>Manuel Barbosa, scj<\/em><br \/>\n<em>www.dehonianos.org<\/em><\/p>\n","protected":false},"excerpt":{"rendered":"<p>Batizados em Cristo, praticantes no Amor<\/p>\n","protected":false},"author":1,"featured_media":195591,"comment_status":"closed","ping_status":"closed","sticky":false,"template":"","format":"standard","meta":{"_et_pb_use_builder":"","_et_pb_old_content":"","_et_gb_content_width":"","footnotes":""},"categories":[110],"tags":[107],"class_list":["post-195589","post","type-post","status-publish","format-standard","has-post-thumbnail","hentry","category-b-solenidades-e-festas","tag-dehonianos"],"_links":{"self":[{"href":"http:\/\/sites.ecclesia.pt\/liturgia\/wp-json\/wp\/v2\/posts\/195589","targetHints":{"allow":["GET"]}}],"collection":[{"href":"http:\/\/sites.ecclesia.pt\/liturgia\/wp-json\/wp\/v2\/posts"}],"about":[{"href":"http:\/\/sites.ecclesia.pt\/liturgia\/wp-json\/wp\/v2\/types\/post"}],"author":[{"embeddable":true,"href":"http:\/\/sites.ecclesia.pt\/liturgia\/wp-json\/wp\/v2\/users\/1"}],"replies":[{"embeddable":true,"href":"http:\/\/sites.ecclesia.pt\/liturgia\/wp-json\/wp\/v2\/comments?post=195589"}],"version-history":[{"count":2,"href":"http:\/\/sites.ecclesia.pt\/liturgia\/wp-json\/wp\/v2\/posts\/195589\/revisions"}],"predecessor-version":[{"id":199681,"href":"http:\/\/sites.ecclesia.pt\/liturgia\/wp-json\/wp\/v2\/posts\/195589\/revisions\/199681"}],"wp:featuredmedia":[{"embeddable":true,"href":"http:\/\/sites.ecclesia.pt\/liturgia\/wp-json\/wp\/v2\/media\/195591"}],"wp:attachment":[{"href":"http:\/\/sites.ecclesia.pt\/liturgia\/wp-json\/wp\/v2\/media?parent=195589"}],"wp:term":[{"taxonomy":"category","embeddable":true,"href":"http:\/\/sites.ecclesia.pt\/liturgia\/wp-json\/wp\/v2\/categories?post=195589"},{"taxonomy":"post_tag","embeddable":true,"href":"http:\/\/sites.ecclesia.pt\/liturgia\/wp-json\/wp\/v2\/tags?post=195589"}],"curies":[{"name":"wp","href":"https:\/\/api.w.org\/{rel}","templated":true}]}}