{"id":199921,"date":"2021-04-09T17:49:56","date_gmt":"2021-04-09T16:49:56","guid":{"rendered":"http:\/\/sites.ecclesia.pt\/liturgia\/?p=199921"},"modified":"2021-04-17T16:02:13","modified_gmt":"2021-04-17T15:02:13","slug":"ano-b-02o-domingo-da-pascoa-dehonianos","status":"publish","type":"post","link":"http:\/\/sites.ecclesia.pt\/liturgia\/ano-b-02o-domingo-da-pascoa-dehonianos\/","title":{"rendered":"Ano B &#8211; 02.\u00ba Domingo da P\u00e1scoa &#8211; Dehonianos"},"content":{"rendered":"<p><iframe loading=\"lazy\" title=\"Ano B - 2\u00ba domingo da P\u00e1scoa. Coment\u00e1rio do padre Manuel Barbosa, scj\" width=\"1080\" height=\"608\" src=\"https:\/\/www.youtube.com\/embed\/Th_NI2WFqB0?feature=oembed\"  allow=\"accelerometer; autoplay; clipboard-write; encrypted-media; gyroscope; picture-in-picture\" allowfullscreen><\/iframe><\/p>\n<p><em>Somos comunidades de miseric\u00f3rdia?<\/em><\/p>\n<p><!--more--><\/p>\n<p>A liturgia deste segundo domingo da P\u00e1scoa, Domingo da Miseric\u00f3rdia, apresenta-nos a comunidade de pessoas que nasce da cruz e da ressurrei\u00e7\u00e3o de Jesus, a Igreja, que tem por miss\u00e3o revelar aos homens a vida nova que brota da ressurrei\u00e7\u00e3o.<\/p>\n<p>O Evangelho reafirma que Jesus vivo e ressuscitado \u00e9 o centro da comunidade crist\u00e3.<\/p>\n<p>A segunda leitura recorda aos membros da comunidade crist\u00e3 os crit\u00e9rios que definem a vida crist\u00e3 aut\u00eantica: o verdadeiro crente \u00e9 aquele que ama Deus, que adere a Jesus Cristo e \u00e0 proposta de salva\u00e7\u00e3o e que vive no amor aos irm\u00e3os. Quem vive desta forma vence o mundo e passa a integrar a fam\u00edlia de Deus.<\/p>\n<p>Na primeira leitura, a partir da comunidade primitiva de Jerusal\u00e9m, Lucas d\u00e1-nos os tra\u00e7os da comunidade crist\u00e3 ideal. Olhemos com aten\u00e7\u00e3o para a fotografia da comunidade apresentada por Lucas nos Atos dos Ap\u00f3stolos e vejamos se ela se revela tamb\u00e9m em n\u00f3s e nas nossas comunidades crist\u00e3s.<\/p>\n<p>A comunidade crist\u00e3 \u00e9 uma multid\u00e3o que abra\u00e7a a mesma f\u00e9, que adere a Jesus, aos seus valores, \u00e0 sua proposta de vida. A Igreja \u00e9 uma comunidade que agrupa pessoas de diferentes ra\u00e7as e culturas, unidas \u00e0 volta de Jesus e do seu projeto de vida e que procuram, de forma diversa, incarnar a proposta de Jesus na realidade da sua vida quotidiana.<\/p>\n<p>A comunidade crist\u00e3 \u00e9 uma fam\u00edlia unida, onde os irm\u00e3os t\u00eam \u201cum s\u00f3 cora\u00e7\u00e3o e uma s\u00f3 alma\u201d. Deve ser uma comunidade de irm\u00e3os que vivem no amor, que respeitam a liberdade e a dignidade de todos, potenciando os contributos e as qualidades de todos, e nunca um grupo de pessoas isoladas, em que cada um procura defender os seus interesses.<\/p>\n<p>A comunidade crist\u00e3 \u00e9 uma comunidade de partilha. No centro dessa comunidade est\u00e1 o Cristo do amor, da partilha, do servi\u00e7o, do dom da vida, da obla\u00e7\u00e3o ao Pai. Uma comunidade onde alguns esbanjam os bens e onde outros n\u00e3o t\u00eam o suficiente para viver dignamente n\u00e3o \u00e9 uma comunidade que testemunha esse mundo novo de amor que Jesus veio propor.<\/p>\n<p>A comunidade crist\u00e3 \u00e9 uma comunidade que encontra e testemunha o Senhor ressuscitado. Se conseguirmos criar verdadeiras comunidades fraternas, que vivam no amor e na partilha, que sejam sinais no mundo dessa vida nova que Jesus veio propor, estaremos a anunciar que Jesus est\u00e1 vivo, que atua nas nossas vidas e que, atrav\u00e9s de n\u00f3s, continua a apresentar ao mundo uma proposta de vida verdadeira.<\/p>\n<p>\u00c9 nos gestos de amor, de partilha, de servi\u00e7o, de encontro, de proximidade e de fraternidade que encontramos Jesus vivo, a transformar e a renovar o mundo. S\u00f3 assim seremos pessoas e comunidades acolhedoras, hospitaleiras e misericordiosas, como tanto nos pede o Papa Francisco, em particular neste Domingo da Miseric\u00f3rdia!<\/p>\n<p>&nbsp;<\/p>\n<p>Manuel Barbosa, scj<\/p>\n<p>www.dehonianos.org<\/p>\n","protected":false},"excerpt":{"rendered":"<p>Somos comunidades de miseric\u00f3rdia?<\/p>\n","protected":false},"author":1,"featured_media":199923,"comment_status":"closed","ping_status":"closed","sticky":false,"template":"","format":"standard","meta":{"_et_pb_use_builder":"","_et_pb_old_content":"","_et_gb_content_width":"","footnotes":""},"categories":[109],"tags":[107],"class_list":["post-199921","post","type-post","status-publish","format-standard","has-post-thumbnail","hentry","category-b-pascoa","tag-dehonianos"],"_links":{"self":[{"href":"http:\/\/sites.ecclesia.pt\/liturgia\/wp-json\/wp\/v2\/posts\/199921","targetHints":{"allow":["GET"]}}],"collection":[{"href":"http:\/\/sites.ecclesia.pt\/liturgia\/wp-json\/wp\/v2\/posts"}],"about":[{"href":"http:\/\/sites.ecclesia.pt\/liturgia\/wp-json\/wp\/v2\/types\/post"}],"author":[{"embeddable":true,"href":"http:\/\/sites.ecclesia.pt\/liturgia\/wp-json\/wp\/v2\/users\/1"}],"replies":[{"embeddable":true,"href":"http:\/\/sites.ecclesia.pt\/liturgia\/wp-json\/wp\/v2\/comments?post=199921"}],"version-history":[{"count":3,"href":"http:\/\/sites.ecclesia.pt\/liturgia\/wp-json\/wp\/v2\/posts\/199921\/revisions"}],"predecessor-version":[{"id":199953,"href":"http:\/\/sites.ecclesia.pt\/liturgia\/wp-json\/wp\/v2\/posts\/199921\/revisions\/199953"}],"wp:featuredmedia":[{"embeddable":true,"href":"http:\/\/sites.ecclesia.pt\/liturgia\/wp-json\/wp\/v2\/media\/199923"}],"wp:attachment":[{"href":"http:\/\/sites.ecclesia.pt\/liturgia\/wp-json\/wp\/v2\/media?parent=199921"}],"wp:term":[{"taxonomy":"category","embeddable":true,"href":"http:\/\/sites.ecclesia.pt\/liturgia\/wp-json\/wp\/v2\/categories?post=199921"},{"taxonomy":"post_tag","embeddable":true,"href":"http:\/\/sites.ecclesia.pt\/liturgia\/wp-json\/wp\/v2\/tags?post=199921"}],"curies":[{"name":"wp","href":"https:\/\/api.w.org\/{rel}","templated":true}]}}