{"id":200027,"date":"2021-06-05T12:05:13","date_gmt":"2021-06-05T11:05:13","guid":{"rendered":"http:\/\/sites.ecclesia.pt\/liturgia\/?p=200027"},"modified":"2021-06-05T12:05:13","modified_gmt":"2021-06-05T11:05:13","slug":"ano-b-10-o-domingo-do-tempo-comum-dehonianos","status":"publish","type":"post","link":"http:\/\/sites.ecclesia.pt\/liturgia\/ano-b-10-o-domingo-do-tempo-comum-dehonianos\/","title":{"rendered":"Ano B &#8211; 10.\u00ba Domingo do Tempo Comum &#8211; Dehonianos"},"content":{"rendered":"<p><iframe loading=\"lazy\" title=\"Ano B - 10.\u00ba Domingo do Tempo Comum. Coment\u00e1rio do padre Manuel Barbosa, scj\" width=\"1080\" height=\"608\" src=\"https:\/\/www.youtube.com\/embed\/xeQz6CGzNZQ?feature=oembed\"  allow=\"accelerometer; autoplay; clipboard-write; encrypted-media; gyroscope; picture-in-picture\" allowfullscreen><\/iframe><\/p>\n<p><em>Quem \u00e9 Jesus? Como seguimos Jesus?<\/em><\/p>\n<p><!--more--><\/p>\n<p>O tema deste D\u00e9cimo Domingo do Tempo Comum gravita \u00e0 volta da identidade de Jesus e da comunh\u00e3o que Ele deseja estabelecer com aqueles que se colocam na disposi\u00e7\u00e3o de O seguir.<\/p>\n<p>No Evangelho, Jesus demonstra que, na sua atividade de liberta\u00e7\u00e3o do poder do mal, n\u00e3o pactua com o Dem\u00f3nio, mas vem para libertar os homens e as mulheres de todos os tempos. Tamb\u00e9m nisso est\u00e1 a fazer a vontade de Deus, convidando-nos a fazer comunidade centrada na sua pessoa e neste desejo de fazer a vontade de Deus.<\/p>\n<p>\u201cQuem \u00e9 Jesus?\u201d Desde os in\u00edcios do cristianismo, os crist\u00e3os sentiram necessidade de responder a esta pergunta. Tamb\u00e9m hoje, na a\u00e7\u00e3o pastoral da Igreja, sobretudo nas catequeses, \u00e9 importante que todos conhe\u00e7amos a identidade de Jesus, para podermos estabelecer com Ele uma rela\u00e7\u00e3o personalizada, uma verdadeira ades\u00e3o de vida \u00e0 Pessoa de Jesus Cristo.<\/p>\n<p>Fazer parte da fam\u00edlia de Jesus \u00e9 a voca\u00e7\u00e3o fundamental dos crist\u00e3os de todos os tempos. O m\u00e9todo para estabelecer uma rela\u00e7\u00e3o de familiaridade com Jesus passa necessariamente por seguir o seu exemplo de obla\u00e7\u00e3o ao Pai por n\u00f3s. Continuamos no mundo a mesma miss\u00e3o de Jesus que tem como \u00fanico horizonte fazer a vontade de Deus; esta \u00e9 uma das peti\u00e7\u00f5es do Pai Nosso, a ora\u00e7\u00e3o que Jesus ensina a rezar: \u00abFa\u00e7a-se a tua vontade, assim na terra como no c\u00e9u\u00bb.<\/p>\n<p>Quando o crist\u00e3o se decide a seguir Jesus, isso implica necessariamente que renuncie ao mal e ao dem\u00f3nio. Tal como Jesus estabelece uma clara separa\u00e7\u00e3o entre o seu servi\u00e7o e o poder de Satan\u00e1s, desde o primeiro momento da vida crist\u00e3 os crist\u00e3os s\u00e3o chamados a renunciar a Satan\u00e1s e a fazer a sua profiss\u00e3o de f\u00e9 em Deus. Na vida ordin\u00e1ria, isso implica que se tenha claro que algumas pr\u00e1ticas de bruxaria, feiti\u00e7aria e adivinha\u00e7\u00e3o n\u00e3o s\u00e3o pr\u00e1ticas pr\u00f3prias de um crist\u00e3o; Jesus vem libertar-nos desse aprisionamento de Satan\u00e1s.<\/p>\n<p>Nesse sentido podemos escutar a primeira leitura que nos traz o di\u00e1logo de Deus com as figuras po\u00e9ticas do primeiro homem e da primeira mulher, depois da queda. Este texto procura chamar-nos ao sentido da exist\u00eancia, deixando claro que todos somos chamados a n\u00e3o pactuar com o mal e a estar de sobreaviso diante das tenta\u00e7\u00f5es do Maligno.<\/p>\n<p>Na segunda leitura, acolhemos as duas grandes atitudes que qualificam o minist\u00e9rio de Paulo: a esperan\u00e7a de estar unido com Jesus na ressurrei\u00e7\u00e3o tal como est\u00e1 na tribula\u00e7\u00e3o terrena e o desejo \u00edntimo de estar em comunh\u00e3o com os crist\u00e3os a quem anuncia o Evangelho de Jesus Cristo.<\/p>\n<p>Ao longo desta semana, procuremos conhecer melhor Jesus Cristo para O seguirmos de modo mais aut\u00eantico nas v\u00e1rias situa\u00e7\u00f5es quotidianas das nossas vidas.<\/p>\n<p><em>Manuel Barbosa, scj<\/em><br \/>\n<em>mjgbarbosa@gmail.com<\/em><br \/>\n<em><a href=\"http:\/\/www.dehonianos.org\">www.dehonianos.org<\/a><\/em><\/p>\n<p>&nbsp;<\/p>\n","protected":false},"excerpt":{"rendered":"<p>Quem \u00e9 Jesus? Como seguimos Jesus?<\/p>\n","protected":false},"author":1,"featured_media":200029,"comment_status":"closed","ping_status":"closed","sticky":false,"template":"","format":"standard","meta":{"_et_pb_use_builder":"","_et_pb_old_content":"","_et_gb_content_width":"","footnotes":""},"categories":[106],"tags":[107],"class_list":["post-200027","post","type-post","status-publish","format-standard","has-post-thumbnail","hentry","category-b-tempo-comum","tag-dehonianos"],"_links":{"self":[{"href":"http:\/\/sites.ecclesia.pt\/liturgia\/wp-json\/wp\/v2\/posts\/200027","targetHints":{"allow":["GET"]}}],"collection":[{"href":"http:\/\/sites.ecclesia.pt\/liturgia\/wp-json\/wp\/v2\/posts"}],"about":[{"href":"http:\/\/sites.ecclesia.pt\/liturgia\/wp-json\/wp\/v2\/types\/post"}],"author":[{"embeddable":true,"href":"http:\/\/sites.ecclesia.pt\/liturgia\/wp-json\/wp\/v2\/users\/1"}],"replies":[{"embeddable":true,"href":"http:\/\/sites.ecclesia.pt\/liturgia\/wp-json\/wp\/v2\/comments?post=200027"}],"version-history":[{"count":1,"href":"http:\/\/sites.ecclesia.pt\/liturgia\/wp-json\/wp\/v2\/posts\/200027\/revisions"}],"predecessor-version":[{"id":200028,"href":"http:\/\/sites.ecclesia.pt\/liturgia\/wp-json\/wp\/v2\/posts\/200027\/revisions\/200028"}],"wp:featuredmedia":[{"embeddable":true,"href":"http:\/\/sites.ecclesia.pt\/liturgia\/wp-json\/wp\/v2\/media\/200029"}],"wp:attachment":[{"href":"http:\/\/sites.ecclesia.pt\/liturgia\/wp-json\/wp\/v2\/media?parent=200027"}],"wp:term":[{"taxonomy":"category","embeddable":true,"href":"http:\/\/sites.ecclesia.pt\/liturgia\/wp-json\/wp\/v2\/categories?post=200027"},{"taxonomy":"post_tag","embeddable":true,"href":"http:\/\/sites.ecclesia.pt\/liturgia\/wp-json\/wp\/v2\/tags?post=200027"}],"curies":[{"name":"wp","href":"https:\/\/api.w.org\/{rel}","templated":true}]}}