{"id":200078,"date":"2021-07-02T17:30:16","date_gmt":"2021-07-02T16:30:16","guid":{"rendered":"http:\/\/sites.ecclesia.pt\/liturgia\/?p=200078"},"modified":"2021-07-02T17:30:16","modified_gmt":"2021-07-02T16:30:16","slug":"ano-b-14-o-domingo-do-tempo-comum-dehonianos","status":"publish","type":"post","link":"http:\/\/sites.ecclesia.pt\/liturgia\/ano-b-14-o-domingo-do-tempo-comum-dehonianos\/","title":{"rendered":"Ano B &#8211; 14.\u00ba Domingo do Tempo Comum &#8211; Dehonianos"},"content":{"rendered":"<p><iframe loading=\"lazy\" title=\"Ano B - 14\u00ba Domingo do Tempo Comum. Coment\u00e1rio do padre Manuel Barbosa, scj\" width=\"1080\" height=\"608\" src=\"https:\/\/www.youtube.com\/embed\/3AE264j1_Og?feature=oembed\"  allow=\"accelerometer; autoplay; clipboard-write; encrypted-media; gyroscope; picture-in-picture\" allowfullscreen><\/iframe><\/p>\n<p><em>Profetas na alegria do Evangelho<\/em><\/p>\n<p><!--more--><\/p>\n<p>Que escuta fazemos da Palavra de Deus neste 14.\u00ba Domingo do Tempo Comum? Escutamos essencialmente que Deus chama continuamente pessoas para serem testemunhas do seu projeto de salva\u00e7\u00e3o. Deus escolhe e envia.<\/p>\n<p>A primeira leitura apresenta-nos um extrato do relato da voca\u00e7\u00e3o do profeta Ezequiel: chama um homem normal, com os seus limites e fragilidades, para ser a voz de Deus no meio do seu Povo.<\/p>\n<p>Na segunda leitura, recorrendo ao seu exemplo pessoal, Paulo assegura aos crist\u00e3os de Corinto que Deus age e manifesta o seu poder no mundo atrav\u00e9s de instrumentos finitos e limitados.<\/p>\n<p>O Evangelho reafirma o mesmo, ao mostrar como Jesus foi recebido pelos seus conterr\u00e2neos em Nazar\u00e9: Deus manifesta-Se aos homens na fraqueza e na fragilidade. Quando n\u00e3o queremos entender esta realidade, facilmente perdemos a oportunidade de descobrir Deus que vem ao nosso encontro e de acolher os desafios que nos apresenta.<\/p>\n<p>Afinal, o que \u00e9 um profeta? Geralmente, pensa-se em algu\u00e9m que prev\u00ea e anuncia o futuro. Profetas desses n\u00e3o faltam hoje. Ora, como Ezequiel, o verdadeiro profeta est\u00e1 habitado pelo Esp\u00edrito Santo para ser enviado aos seus irm\u00e3os em humanidade e lhes anunciar a Palavra de Deus.<\/p>\n<p>N\u00e3o se trata de uma miss\u00e3o de descanso. A Palavra de Deus inquieta sempre, porque convida os homens a descentrarem-se de si mesmos. Ezequiel \u00e9 enviado a um povo de rebeldes, de pessoas com rosto duro e cora\u00e7\u00e3o obstinado. Nestas circunst\u00e2ncias, n\u00e3o \u00e9 f\u00e1cil fazer-se ouvir.<\/p>\n<p>A miss\u00e3o do profeta n\u00e3o se exerce por prazer. Basta ver a atitude dos conterr\u00e2neos de Jesus. A pr\u00f3pria fam\u00edlia tinha tentado impedi-lo de falar.<\/p>\n<p>Pelo batismo e confirma\u00e7\u00e3o, todos somos chamados a ser profetas, a deixarmo-nos habitar pelo Esp\u00edrito, pela Palavra de Deus, para nos tornarmos arautos e testemunhas onde vivemos.<\/p>\n<p>O Conc\u00edlio Vaticano II, recuperando esta miss\u00e3o prof\u00e9tica dos batizados, declara que todos recebemos o sentido da f\u00e9 e a gra\u00e7a da Palavra, a fim de que a for\u00e7a do Evangelho brilhe na nossa vida quotidiana.<\/p>\n<p>Como crist\u00e3os, n\u00e3o devemos esconder este testemunho e esta palavra no segredo do nosso cora\u00e7\u00e3o, mas devemos exprimi-lo tamb\u00e9m atrav\u00e9s das estruturas da vida do mundo.<\/p>\n<p>H\u00e1 que tomar a s\u00e9rio a voca\u00e7\u00e3o prof\u00e9tica. Qual \u00e9 a minha voca\u00e7\u00e3o, a que me chama Deus, aonde me envia? Como se manifesta em mim a sua gra\u00e7a? Quais as dificuldades que encontro e como as ultrapassar?<\/p>\n<p>Tomar a s\u00e9rio a voca\u00e7\u00e3o prof\u00e9tica \u00e9 assumir a miss\u00e3o nos v\u00e1rios espa\u00e7os e situa\u00e7\u00f5es da Igreja e da sociedade. Como nos convida constantemente o Papa Francisco, somos convidados a ser profetas transformados na alegria do Evangelho para o anunciar com ousadia e entusiasmo.<\/p>\n<p><em>Manuel Barbosa, scj<\/em><br \/>\n<em><a href=\"http:\/\/www.dehonianos.org\">www.dehonianos.org<\/a><\/em><\/p>\n<p>&nbsp;<\/p>\n","protected":false},"excerpt":{"rendered":"<p>Profetas na alegria do Evangelho<\/p>\n","protected":false},"author":1,"featured_media":200080,"comment_status":"closed","ping_status":"closed","sticky":false,"template":"","format":"standard","meta":{"_et_pb_use_builder":"","_et_pb_old_content":"","_et_gb_content_width":"","footnotes":""},"categories":[106],"tags":[107],"class_list":["post-200078","post","type-post","status-publish","format-standard","has-post-thumbnail","hentry","category-b-tempo-comum","tag-dehonianos"],"_links":{"self":[{"href":"http:\/\/sites.ecclesia.pt\/liturgia\/wp-json\/wp\/v2\/posts\/200078","targetHints":{"allow":["GET"]}}],"collection":[{"href":"http:\/\/sites.ecclesia.pt\/liturgia\/wp-json\/wp\/v2\/posts"}],"about":[{"href":"http:\/\/sites.ecclesia.pt\/liturgia\/wp-json\/wp\/v2\/types\/post"}],"author":[{"embeddable":true,"href":"http:\/\/sites.ecclesia.pt\/liturgia\/wp-json\/wp\/v2\/users\/1"}],"replies":[{"embeddable":true,"href":"http:\/\/sites.ecclesia.pt\/liturgia\/wp-json\/wp\/v2\/comments?post=200078"}],"version-history":[{"count":1,"href":"http:\/\/sites.ecclesia.pt\/liturgia\/wp-json\/wp\/v2\/posts\/200078\/revisions"}],"predecessor-version":[{"id":200079,"href":"http:\/\/sites.ecclesia.pt\/liturgia\/wp-json\/wp\/v2\/posts\/200078\/revisions\/200079"}],"wp:featuredmedia":[{"embeddable":true,"href":"http:\/\/sites.ecclesia.pt\/liturgia\/wp-json\/wp\/v2\/media\/200080"}],"wp:attachment":[{"href":"http:\/\/sites.ecclesia.pt\/liturgia\/wp-json\/wp\/v2\/media?parent=200078"}],"wp:term":[{"taxonomy":"category","embeddable":true,"href":"http:\/\/sites.ecclesia.pt\/liturgia\/wp-json\/wp\/v2\/categories?post=200078"},{"taxonomy":"post_tag","embeddable":true,"href":"http:\/\/sites.ecclesia.pt\/liturgia\/wp-json\/wp\/v2\/tags?post=200078"}],"curies":[{"name":"wp","href":"https:\/\/api.w.org\/{rel}","templated":true}]}}