{"id":200085,"date":"2021-07-10T16:37:06","date_gmt":"2021-07-10T15:37:06","guid":{"rendered":"http:\/\/sites.ecclesia.pt\/liturgia\/?p=200085"},"modified":"2021-07-24T16:38:07","modified_gmt":"2021-07-24T15:38:07","slug":"ano-b-15-o-domingo-do-tempo-comum-dehonianos","status":"publish","type":"post","link":"http:\/\/sites.ecclesia.pt\/liturgia\/ano-b-15-o-domingo-do-tempo-comum-dehonianos\/","title":{"rendered":"Ano B &#8211; 15.\u00ba Domingo do Tempo Comum &#8211; Dehonianos"},"content":{"rendered":"<p><iframe loading=\"lazy\" title=\"Ano B - 15.\u00ba Domingo do Tempo Comum. Coment\u00e1rio do padre Manuel Barbosa, scj\" width=\"1080\" height=\"608\" src=\"https:\/\/www.youtube.com\/embed\/RkivLoHc0x4?feature=oembed\"  allow=\"accelerometer; autoplay; clipboard-write; encrypted-media; gyroscope; picture-in-picture\" allowfullscreen><\/iframe><\/p>\n<p><em>Disc\u00edpulos de Cristo, sempre em miss\u00e3o<\/em><\/p>\n<p><!--more--><\/p>\n<p>A liturgia deste 15.\u00ba Domingo do Tempo Comum recorda-nos que Deus atua no mundo atrav\u00e9s dos homens e mulheres que Ele chama e envia como testemunhas do seu projeto de salva\u00e7\u00e3o. Esses enviados devem ter como grande prioridade a fidelidade ao projeto de Deus e n\u00e3o a defesa dos pr\u00f3prios interesses ou privil\u00e9gios.<\/p>\n<p>A\u00ed est\u00e1 o exemplo do profeta Am\u00f3s e dos disc\u00edpulos que Jesus envia em miss\u00e3o. Essa miss\u00e3o, que s\u00f3 pode ser no prolongamento da pr\u00f3pria miss\u00e3o de Jesus, consiste em anunciar o Reino e em lutar objetivamente contra tudo aquilo que escraviza a pessoa e a impede de ser feliz. Antes de os disc\u00edpulos partirem, Jesus d\u00e1-lhes algumas instru\u00e7\u00f5es acerca da forma de realizar a miss\u00e3o. Convida-os especialmente \u00e0 pobreza, \u00e0 simplicidade, ao despojamento dos bens materiais.<\/p>\n<p>Diz o Evangelho: \u201cJesus chamou os doze Ap\u00f3stolos e come\u00e7ou a envi\u00e1-los dois a dois. Deu-lhes poder sobre os esp\u00edritos impuros\u201d.<\/p>\n<p>O chamamento dos Ap\u00f3stolos est\u00e1 ligado ao seu envio, \u00e0 sua miss\u00e3o: serem os companheiros de Jesus, n\u00e3o para ficarem quietos junto d\u2019Ele, mas para serem enviados como suas testemunhas at\u00e9 aos confins da terra. Os disc\u00edpulos s\u00e3o enviados a testemunhar o amor de Deus.<\/p>\n<p>Jesus envia-os dois a dois, pois um testemunho s\u00f3 era reconhecido como aut\u00eantico se levado por duas testemunhas. Mais profundamente, Jesus veio para colocar as pessoas na \u201ccircula\u00e7\u00e3o do amor\u201d. Deus criou o homem e a mulher para serem \u00e0 sua imagem.<\/p>\n<p>Jesus veio para acabar com a divis\u00e3o, provocada pelo esp\u00edrito do mal, para reconciliar os homens com Deus e entre si. Jesus envia os Ap\u00f3stolos dois a dois, para que sejam primeiramente, pelo seu comportamento e pela sua vida, testemunhas desta obra de reconcilia\u00e7\u00e3o. A salva\u00e7\u00e3o nunca \u00e9 individual, \u00e9 colocada na rela\u00e7\u00e3o das pessoas entre si, no movimento de amor de Deus.<\/p>\n<p>A miss\u00e3o dos Ap\u00f3stolos \u00e9 lutar contra o mal que divide e corrompe. Assim, compreendemos melhor porque Jesus d\u00e1 conselhos de pobreza. Encher-se de riquezas materiais \u00e9 arriscar cair na armadilha da possess\u00e3o ego\u00edsta, \u00e9 entrar no c\u00edrculo infernal da vontade de poder, da inveja. \u00c9 centrar-se sobre si mesmo em vez de dar lugar aos outros. \u00c9 obscurecer o olhar interior e n\u00e3o estar suficientemente dispon\u00edvel para acolher o outro.<\/p>\n<p>Tudo isto continua a ser v\u00e1lido para todos os batizados cuja miss\u00e3o \u00e9 a de serem testemunhas da Boa Nova do Amor de Deus no cora\u00e7\u00e3o do mundo. Como nos pede o Papa Francisco, sejamos disc\u00edpulos mission\u00e1rios, transformados na alegria do Evangelho. Que assim seja nas nossas vidas de disc\u00edpulos de Cristo, neste domingo e ao longo da pr\u00f3xima semana.<\/p>\n<p><em>Manuel Barbosa, scj<\/em><br \/>\n<em><a href=\"http:\/\/www.dehonianos.com\">www.dehonianos.org<\/a><\/em><\/p>\n","protected":false},"excerpt":{"rendered":"<p>Disc\u00edpulos de Cristo, sempre em miss\u00e3o<\/p>\n","protected":false},"author":1,"featured_media":200087,"comment_status":"closed","ping_status":"closed","sticky":false,"template":"","format":"standard","meta":{"_et_pb_use_builder":"","_et_pb_old_content":"","_et_gb_content_width":"","footnotes":""},"categories":[106],"tags":[107],"class_list":["post-200085","post","type-post","status-publish","format-standard","has-post-thumbnail","hentry","category-b-tempo-comum","tag-dehonianos"],"_links":{"self":[{"href":"http:\/\/sites.ecclesia.pt\/liturgia\/wp-json\/wp\/v2\/posts\/200085","targetHints":{"allow":["GET"]}}],"collection":[{"href":"http:\/\/sites.ecclesia.pt\/liturgia\/wp-json\/wp\/v2\/posts"}],"about":[{"href":"http:\/\/sites.ecclesia.pt\/liturgia\/wp-json\/wp\/v2\/types\/post"}],"author":[{"embeddable":true,"href":"http:\/\/sites.ecclesia.pt\/liturgia\/wp-json\/wp\/v2\/users\/1"}],"replies":[{"embeddable":true,"href":"http:\/\/sites.ecclesia.pt\/liturgia\/wp-json\/wp\/v2\/comments?post=200085"}],"version-history":[{"count":1,"href":"http:\/\/sites.ecclesia.pt\/liturgia\/wp-json\/wp\/v2\/posts\/200085\/revisions"}],"predecessor-version":[{"id":200086,"href":"http:\/\/sites.ecclesia.pt\/liturgia\/wp-json\/wp\/v2\/posts\/200085\/revisions\/200086"}],"wp:featuredmedia":[{"embeddable":true,"href":"http:\/\/sites.ecclesia.pt\/liturgia\/wp-json\/wp\/v2\/media\/200087"}],"wp:attachment":[{"href":"http:\/\/sites.ecclesia.pt\/liturgia\/wp-json\/wp\/v2\/media?parent=200085"}],"wp:term":[{"taxonomy":"category","embeddable":true,"href":"http:\/\/sites.ecclesia.pt\/liturgia\/wp-json\/wp\/v2\/categories?post=200085"},{"taxonomy":"post_tag","embeddable":true,"href":"http:\/\/sites.ecclesia.pt\/liturgia\/wp-json\/wp\/v2\/tags?post=200085"}],"curies":[{"name":"wp","href":"https:\/\/api.w.org\/{rel}","templated":true}]}}