{"id":200088,"date":"2021-07-16T16:38:17","date_gmt":"2021-07-16T15:38:17","guid":{"rendered":"http:\/\/sites.ecclesia.pt\/liturgia\/?p=200088"},"modified":"2021-07-24T16:48:23","modified_gmt":"2021-07-24T15:48:23","slug":"ano-b-16-o-domingo-do-tempo-comum-dehonianos","status":"publish","type":"post","link":"http:\/\/sites.ecclesia.pt\/liturgia\/ano-b-16-o-domingo-do-tempo-comum-dehonianos\/","title":{"rendered":"Ano B &#8211; 16.\u00ba Domingo do Tempo Comum &#8211; Dehonianos"},"content":{"rendered":"<p><iframe loading=\"lazy\" title=\"Ano B - 16\u00ba Domingo do Tempo Comum. Coment\u00e1rio do padre Manuel Barbosa, scj\" width=\"1080\" height=\"608\" src=\"https:\/\/www.youtube.com\/embed\/tyKe4dukNl8?feature=oembed\"  allow=\"accelerometer; autoplay; clipboard-write; encrypted-media; gyroscope; picture-in-picture\" allowfullscreen><\/iframe><\/p>\n<p><em>O Pastor cuida dos seus disc\u00edpulos<\/em><\/p>\n<p><!--more--><\/p>\n<p>O Evangelho deste 16.\u00ba Domingo do Tempo Comum come\u00e7a com a narra\u00e7\u00e3o do regresso dos disc\u00edpulos que, entusiasmados, contam a Jesus a forma como se tinha desenrolado a miss\u00e3o que Ele lhes confiara. Na sequ\u00eancia, Jesus convida-os a irem com Ele para um lugar isolado e a descansarem um pouco. Os disc\u00edpulos foram com Jesus para um lugar deserto, mas as multid\u00f5es adivinharam para onde Jesus e os disc\u00edpulos se dirigiam e chegaram primeiro. Ao desembarcar, Jesus viu as pessoas, teve compaix\u00e3o delas e p\u00f4s-se a ensin\u00e1-las.<\/p>\n<p>Marcos aproveita este epis\u00f3dio para desenvolver uma catequese sobre o discipulado.<\/p>\n<ol>\n<li>Os ap\u00f3stolos s\u00e3o enviados de Jesus, chamados a continuar no mundo a sua miss\u00e3o, que consiste em anunciar o Reino. Para concretizar a miss\u00e3o, os ap\u00f3stolos convidam aqueles que escutam a mensagem a mudarem a sua vida e a acolherem a proposta que Jesus lhes faz. Os gestos dos disc\u00edpulos anunciam esse mundo novo de pessoas livres e esse projeto de vida verdadeira e plena que Deus quer oferecer a todos.<\/li>\n<li>A refer\u00eancia \u00e0 necessidade de os ap\u00f3stolos descansarem, pois nem sequer tinham tempo para comer, pretende ser um aviso contra o ativismo exagerado, que destr\u00f3i as for\u00e7as do corpo e do esp\u00edrito e leva, muitas vezes, a perder o sentido da miss\u00e3o.<\/li>\n<li>Os ap\u00f3stolos s\u00e3o convidados por Jesus a irem com Ele para um lugar isolado. O que interessa aqui n\u00e3o \u00e9 o lugar geogr\u00e1fico, mas que esse descanso deve acontecer junto de Jesus. \u00c9 ao lado de Jesus, escutando-O, dialogando com Ele, gozando da sua intimidade, que os disc\u00edpulos recuperam as suas for\u00e7as. Se os disc\u00edpulos n\u00e3o confrontarem, frequentemente, os seus esquemas e projetos pastorais com Jesus e a sua Palavra, a miss\u00e3o redundar\u00e1 em fracasso.<\/li>\n<li>Entretanto, as multid\u00f5es tinham seguido Jesus e os disc\u00edpulos. Esta busca incans\u00e1vel e impaciente espelha, com algum dramatismo, a \u00e2nsia de vida que as pessoas sentem. Jesus, cheio de compaix\u00e3o, compara a multid\u00e3o a um rebanho sem pastor. N\u00e3o \u00e9 nos l\u00edderes religiosos ou pol\u00edticos da na\u00e7\u00e3o que elas encontram seguran\u00e7a e esperan\u00e7a; n\u00e3o \u00e9 nos ritualismos vazios que elas encontram paz e sentido para a vida. \u00c9 em Jesus e na sua proposta que as multid\u00f5es e cada pessoa encontram vida plena e verdadeira.<\/li>\n<\/ol>\n<p>O que aconteceu com os disc\u00edpulos de ent\u00e3o acontece connosco, como seus disc\u00edpulos mission\u00e1rios. Somos enviados em miss\u00e3o nos quotidianos da nossa exist\u00eancia, com o convite permanente a permanecermos sempre junto do Senhor. A miss\u00e3o brota do encontro fundamental com Jesus, na Eucaristia e na Palavra. Como rez\u00e1mos no Salmo, com Cristo em n\u00f3s, nada de essencial nos pode faltar. Ele \u00e9 o Pastor que cuida de n\u00f3s com carinho e ternura, com amor e compaix\u00e3o.<\/p>\n<p>&nbsp;<\/p>\n<p>Manuel Barbosa, scj<\/p>\n<p>www.dehonianos.org<\/p>\n","protected":false},"excerpt":{"rendered":"<p>O Pastor cuida dos seus disc\u00edpulos<\/p>\n","protected":false},"author":1,"featured_media":200090,"comment_status":"closed","ping_status":"closed","sticky":false,"template":"","format":"standard","meta":{"_et_pb_use_builder":"","_et_pb_old_content":"","_et_gb_content_width":"","footnotes":""},"categories":[106],"tags":[107],"class_list":["post-200088","post","type-post","status-publish","format-standard","has-post-thumbnail","hentry","category-b-tempo-comum","tag-dehonianos"],"_links":{"self":[{"href":"http:\/\/sites.ecclesia.pt\/liturgia\/wp-json\/wp\/v2\/posts\/200088","targetHints":{"allow":["GET"]}}],"collection":[{"href":"http:\/\/sites.ecclesia.pt\/liturgia\/wp-json\/wp\/v2\/posts"}],"about":[{"href":"http:\/\/sites.ecclesia.pt\/liturgia\/wp-json\/wp\/v2\/types\/post"}],"author":[{"embeddable":true,"href":"http:\/\/sites.ecclesia.pt\/liturgia\/wp-json\/wp\/v2\/users\/1"}],"replies":[{"embeddable":true,"href":"http:\/\/sites.ecclesia.pt\/liturgia\/wp-json\/wp\/v2\/comments?post=200088"}],"version-history":[{"count":2,"href":"http:\/\/sites.ecclesia.pt\/liturgia\/wp-json\/wp\/v2\/posts\/200088\/revisions"}],"predecessor-version":[{"id":200109,"href":"http:\/\/sites.ecclesia.pt\/liturgia\/wp-json\/wp\/v2\/posts\/200088\/revisions\/200109"}],"wp:featuredmedia":[{"embeddable":true,"href":"http:\/\/sites.ecclesia.pt\/liturgia\/wp-json\/wp\/v2\/media\/200090"}],"wp:attachment":[{"href":"http:\/\/sites.ecclesia.pt\/liturgia\/wp-json\/wp\/v2\/media?parent=200088"}],"wp:term":[{"taxonomy":"category","embeddable":true,"href":"http:\/\/sites.ecclesia.pt\/liturgia\/wp-json\/wp\/v2\/categories?post=200088"},{"taxonomy":"post_tag","embeddable":true,"href":"http:\/\/sites.ecclesia.pt\/liturgia\/wp-json\/wp\/v2\/tags?post=200088"}],"curies":[{"name":"wp","href":"https:\/\/api.w.org\/{rel}","templated":true}]}}