{"id":200129,"date":"2021-09-25T15:58:36","date_gmt":"2021-09-25T14:58:36","guid":{"rendered":"http:\/\/sites.ecclesia.pt\/liturgia\/?p=200129"},"modified":"2021-11-08T15:59:26","modified_gmt":"2021-11-08T15:59:26","slug":"ano-b-26-o-domingo-do-tempo-comum-dehonianos","status":"publish","type":"post","link":"http:\/\/sites.ecclesia.pt\/liturgia\/ano-b-26-o-domingo-do-tempo-comum-dehonianos\/","title":{"rendered":"Ano B &#8211; 26.\u00ba Domingo do Tempo Comum &#8211; Dehonianos"},"content":{"rendered":"<p><iframe loading=\"lazy\" title=\"Ano B - 26.\u00ba Domingo do tempo Comum. Coment\u00e1rio do padre Manuel Barbosa, scj\" width=\"1080\" height=\"608\" src=\"https:\/\/www.youtube.com\/embed\/QUDELdm-tbA?feature=oembed\"  allow=\"accelerometer; autoplay; clipboard-write; encrypted-media; gyroscope; picture-in-picture\" allowfullscreen><\/iframe><\/p>\n<p><em>Amar, sem muros nem barreiras<\/em><\/p>\n<p><!--more--><\/p>\n<p>No Evangelho deste 26.\u00ba Domingo do Tempo Comum temos uma instru\u00e7\u00e3o atrav\u00e9s da qual Jesus procura ajudar os disc\u00edpulos a situarem-se na \u00f3rbita do Reino. Convida-os a constitu\u00edrem uma comunidade que, sem arrog\u00e2ncia, nem ci\u00fames, nem presun\u00e7\u00e3o de posse exclusiva do bem e da verdade, procura acolher, apoiar e estimular todos aqueles que agem em favor da liberta\u00e7\u00e3o dos irm\u00e3os; convida-os tamb\u00e9m a n\u00e3o exclu\u00edrem da din\u00e2mica comunit\u00e1ria os pequenos e os pobres; convida-os ainda a arrancarem da pr\u00f3pria vida todos os sentimentos e atitudes que s\u00e3o incompat\u00edveis com a op\u00e7\u00e3o pelo Reino.<\/p>\n<p>Quando Jesus chama, pede para deixar tudo para O seguir. Quando Jesus fala do Reino, anuncia um mundo totalmente novo. Quando Jesus pede para amar, prop\u00f5e um regresso radical. Mas ser\u00e1 necess\u00e1rio tempo para os seus disc\u00edpulos compreenderem tudo isso e, sobretudo, para viver nesses dinamismos do Reino. Eles conhecer\u00e3o hesita\u00e7\u00f5es, procurar\u00e3o compromissos, por\u00e3o condi\u00e7\u00f5es.<\/p>\n<p>Para Jesus, nada deve ser obst\u00e1culo \u00e0 entrada no Reino de Deus. Jesus coloca a pessoa face \u00e0 sua liberdade de escolher. Se opta pelo Reino, deve aceitar as suas exig\u00eancias, que se resumem na essencial atitude de amar; amar com todo o seu ser, m\u00e3os para partilhar, p\u00e9s para reencontrar, olhos para olhar. Cabe \u00e0 pessoa fazer com que todo o seu ser responda \u00e0 vontade de amar.<\/p>\n<p>Diz o disc\u00edpulo Jo\u00e3o no Evangelho: \u00abMestre, n\u00f3s vimos um homem a expulsar os dem\u00f3nios em teu nome e procur\u00e1mos impedir-lho, porque ele n\u00e3o anda connosco\u00bb. Jo\u00e3o quer delimitar as fronteiras do grupo dos disc\u00edpulos, p\u00f4r em ordem, classificar os bons de um lado, os maus de outro, separar aqueles que est\u00e3o em regra daqueles que est\u00e3o \u00e0 margem.<\/p>\n<p>Esta tenta\u00e7\u00e3o de erguer muros e barreiras entre os homens em nome de Deus \u00e9 uma tenta\u00e7\u00e3o mortal contra o amor. \u00c9 a tenta\u00e7\u00e3o de todos aqueles que pretendem agir em nome de Deus, que se declaram, eles e apenas eles, detentores da verdade e reivindicam serem os \u00fanicos verdadeiros fi\u00e9is de Deus. Todos os outros, que n\u00e3o pensam nem agem como eles, devem ser rejeitados e condenados.<\/p>\n<p>Essa tenta\u00e7\u00e3o gera fanatismo, bem concreta no nosso mundo e tamb\u00e9m na hist\u00f3ria, antiga e atual, de praticamente todas as religi\u00f5es. Mas Jesus conduz-nos para al\u00e9m disso. Jesus diz: \u00abEu sou a Verdade\u00bb, mas n\u00e3o reivindica qualquer poder. Recusa entrar no jogo de Jo\u00e3o: \u00abN\u00e3o impe\u00e7ais este homem de expulsar os dem\u00f3nios em meu nome\u00bb. Jesus veio para reunir na unidade os filhos de Deus dispersos e, como diz S\u00e3o Paulo, para destruir a barreira que separava os judeus e os pag\u00e3os, para fazer a paz e reconciliar no amor todos os homens com Deus e entre eles.\u00a0 Todos s\u00e3o eleitos por Deus sem exce\u00e7\u00e3o, como termina de modo t\u00e3o incisivo a primeira leitura do Livro dos N\u00fameros: \u00abQuem dera que todo o povo do Senhor fosse profeta e que o Senhor infundisse o seu Esp\u00edrito sobre eles!\u00bb<\/p>\n<p>Estamos quase a iniciar outubro, M\u00eas do Ros\u00e1rio e M\u00eas Mission\u00e1rio. Pe\u00e7amos a Maria, humilde serva do Senhor e Rainha das Miss\u00f5es, que nos ensine a humildade para servir e a disponibilidade para amar como disc\u00edpulos mission\u00e1rios de Jesus Cristo.<\/p>\n<p>&nbsp;<\/p>\n<p>Manuel Barbosa, scj<\/p>\n<p>www.dehonianos.org<\/p>\n<p>&nbsp;<\/p>\n","protected":false},"excerpt":{"rendered":"<p>Amar, sem muros nem barreiras<\/p>\n","protected":false},"author":1,"featured_media":200131,"comment_status":"closed","ping_status":"closed","sticky":false,"template":"","format":"standard","meta":{"_et_pb_use_builder":"","_et_pb_old_content":"","_et_gb_content_width":"","footnotes":""},"categories":[106],"tags":[107],"class_list":["post-200129","post","type-post","status-publish","format-standard","has-post-thumbnail","hentry","category-b-tempo-comum","tag-dehonianos"],"_links":{"self":[{"href":"http:\/\/sites.ecclesia.pt\/liturgia\/wp-json\/wp\/v2\/posts\/200129","targetHints":{"allow":["GET"]}}],"collection":[{"href":"http:\/\/sites.ecclesia.pt\/liturgia\/wp-json\/wp\/v2\/posts"}],"about":[{"href":"http:\/\/sites.ecclesia.pt\/liturgia\/wp-json\/wp\/v2\/types\/post"}],"author":[{"embeddable":true,"href":"http:\/\/sites.ecclesia.pt\/liturgia\/wp-json\/wp\/v2\/users\/1"}],"replies":[{"embeddable":true,"href":"http:\/\/sites.ecclesia.pt\/liturgia\/wp-json\/wp\/v2\/comments?post=200129"}],"version-history":[{"count":1,"href":"http:\/\/sites.ecclesia.pt\/liturgia\/wp-json\/wp\/v2\/posts\/200129\/revisions"}],"predecessor-version":[{"id":200130,"href":"http:\/\/sites.ecclesia.pt\/liturgia\/wp-json\/wp\/v2\/posts\/200129\/revisions\/200130"}],"wp:featuredmedia":[{"embeddable":true,"href":"http:\/\/sites.ecclesia.pt\/liturgia\/wp-json\/wp\/v2\/media\/200131"}],"wp:attachment":[{"href":"http:\/\/sites.ecclesia.pt\/liturgia\/wp-json\/wp\/v2\/media?parent=200129"}],"wp:term":[{"taxonomy":"category","embeddable":true,"href":"http:\/\/sites.ecclesia.pt\/liturgia\/wp-json\/wp\/v2\/categories?post=200129"},{"taxonomy":"post_tag","embeddable":true,"href":"http:\/\/sites.ecclesia.pt\/liturgia\/wp-json\/wp\/v2\/tags?post=200129"}],"curies":[{"name":"wp","href":"https:\/\/api.w.org\/{rel}","templated":true}]}}