{"id":200132,"date":"2021-09-18T15:59:51","date_gmt":"2021-09-18T14:59:51","guid":{"rendered":"http:\/\/sites.ecclesia.pt\/liturgia\/?p=200132"},"modified":"2021-11-08T16:00:35","modified_gmt":"2021-11-08T16:00:35","slug":"ano-b-25-o-domingo-do-tempo-comum-dehonianos","status":"publish","type":"post","link":"http:\/\/sites.ecclesia.pt\/liturgia\/ano-b-25-o-domingo-do-tempo-comum-dehonianos\/","title":{"rendered":"Ano B &#8211; 25.\u00ba Domingo do Tempo Comum &#8211; Dehonianos"},"content":{"rendered":"<p><iframe loading=\"lazy\" title=\"Ano B - 25\u00ba Domingo do tempo Comum. Coment\u00e1rio do padre Manuel Barbosa, scj\" width=\"1080\" height=\"608\" src=\"https:\/\/www.youtube.com\/embed\/KG2_ITD_Zws?feature=oembed\"  allow=\"accelerometer; autoplay; clipboard-write; encrypted-media; gyroscope; picture-in-picture\" allowfullscreen><\/iframe><\/p>\n<p><em>Viver na sabedoria de Deus<\/em><\/p>\n<p><!--more--><\/p>\n<p>A liturgia deste 25.\u00ba Domingo do Tempo Comum convida-nos a prescindir da sabedoria do mundo e a escolher a sabedoria de Deus, a \u00fanica que nos leva \u00e0 vida plena, \u00e0 felicidade sem fim.<\/p>\n<p>Na primeira leitura vemos que escolher a sabedoria de Deus provoca o \u00f3dio do mundo, o sofrimento e a persegui\u00e7\u00e3o. Mas isso n\u00e3o nos deve fazer desanimar.<\/p>\n<p>O Evangelho apresenta-nos uma hist\u00f3ria de confronto entre a sabedoria de Deus e a sabedoria do mundo. Jesus est\u00e1 disposto a aceitar o projeto do Pai e a fazer da sua vida um dom de amor aos homens. Os disc\u00edpulos, imbu\u00eddos da l\u00f3gica do mundo, n\u00e3o t\u00eam dificuldade em entender essa op\u00e7\u00e3o e em comprometer-se com esse projeto. Jesus avisa-os, contudo, e a todos n\u00f3s hoje, seus disc\u00edpulos, de que s\u00f3 h\u00e1 lugar na comunidade crist\u00e3 para quem escuta os desafios de Deus e aceita fazer da vida um servi\u00e7o aos irm\u00e3os, particularmente aos humildes, aos pequenos, aos pobres.<\/p>\n<p>Somos mesmo capazes de acolher e de amar os que levam uma vida pouco exemplar, os marginalizados, os estrangeiros, os refugiados, os doentes incur\u00e1veis, os idosos, os dif\u00edceis, os que ningu\u00e9m quer e ningu\u00e9m ama?<\/p>\n<p>Fiquemos uns instantes na segunda leitura de S\u00e3o Tiago. Depois de dizer que a sabedoria do mundo gera inveja, contendas, falsidade, rivalidade, desordem e toda a esp\u00e9cie de m\u00e1s a\u00e7\u00f5es, afirma: \u00abA sabedoria que vem do alto \u00e9 pura, pac\u00edfica, compreensiva e generosa, cheia de miseric\u00f3rdia e de boas obras, imparcial e sem hipocrisia\u00bb.<\/p>\n<p>S\u00e3o aqui apresentadas sete qualidades da sabedoria, n\u00famero que significa perfei\u00e7\u00e3o, plenitude. Somos assim convidados a seguir um caminho de perfei\u00e7\u00e3o, de realiza\u00e7\u00e3o total, de vida plena.<\/p>\n<p>Se quisermos viver em paz, em comunh\u00e3o com Deus, devemos acolher e viver segundo a sabedoria de Deus.<\/p>\n<p>S\u00e3o Tiago relaciona ainda a sabedoria com a ora\u00e7\u00e3o. Quando o nosso cora\u00e7\u00e3o est\u00e1 cheio da sabedoria do mundo, a nossa ora\u00e7\u00e3o torna-se um mon\u00f3logo ego\u00edsta, uma pedinchice de coisas que se destinam a satisfazer as nossas paix\u00f5es, as nossas ambi\u00e7\u00f5es, os nossos interesses pessoais.<\/p>\n<p>Antes de falar com Deus, precisamos de mudar o nosso cora\u00e7\u00e3o, de rever os nossos valores e as nossas prioridades, de aprender a ver o mundo e a vida com os olhos de Deus. S\u00f3 ent\u00e3o a nossa ora\u00e7\u00e3o ser\u00e1 um di\u00e1logo de amor e comunh\u00e3o, em que escutamos Deus, percebemos os seus planos, acolhemos essa vida que Ele nos quer oferecer.<\/p>\n<p>Pratiquemos a sabedoria que recebemos de Deus em todos os espa\u00e7os e situa\u00e7\u00f5es que habitamos, em casa, na fam\u00edlia, na comunidade, no trabalho. Rezando sempre, como fizemos no Salmo 53, que a sabedoria de Deus vem em nosso aux\u00edlio, que \u00e9 o Senhor quem sustenta a nossa vida.<\/p>\n<p><em>Manuel Barbosa, scj<\/em><br \/>\n<em>www.dehonianos.org<\/em><\/p>\n<p>&nbsp;<\/p>\n","protected":false},"excerpt":{"rendered":"<p>Viver na sabedoria de Deus<\/p>\n","protected":false},"author":1,"featured_media":200134,"comment_status":"closed","ping_status":"closed","sticky":false,"template":"","format":"standard","meta":{"_et_pb_use_builder":"","_et_pb_old_content":"","_et_gb_content_width":"","footnotes":""},"categories":[106],"tags":[107],"class_list":["post-200132","post","type-post","status-publish","format-standard","has-post-thumbnail","hentry","category-b-tempo-comum","tag-dehonianos"],"_links":{"self":[{"href":"http:\/\/sites.ecclesia.pt\/liturgia\/wp-json\/wp\/v2\/posts\/200132","targetHints":{"allow":["GET"]}}],"collection":[{"href":"http:\/\/sites.ecclesia.pt\/liturgia\/wp-json\/wp\/v2\/posts"}],"about":[{"href":"http:\/\/sites.ecclesia.pt\/liturgia\/wp-json\/wp\/v2\/types\/post"}],"author":[{"embeddable":true,"href":"http:\/\/sites.ecclesia.pt\/liturgia\/wp-json\/wp\/v2\/users\/1"}],"replies":[{"embeddable":true,"href":"http:\/\/sites.ecclesia.pt\/liturgia\/wp-json\/wp\/v2\/comments?post=200132"}],"version-history":[{"count":1,"href":"http:\/\/sites.ecclesia.pt\/liturgia\/wp-json\/wp\/v2\/posts\/200132\/revisions"}],"predecessor-version":[{"id":200133,"href":"http:\/\/sites.ecclesia.pt\/liturgia\/wp-json\/wp\/v2\/posts\/200132\/revisions\/200133"}],"wp:featuredmedia":[{"embeddable":true,"href":"http:\/\/sites.ecclesia.pt\/liturgia\/wp-json\/wp\/v2\/media\/200134"}],"wp:attachment":[{"href":"http:\/\/sites.ecclesia.pt\/liturgia\/wp-json\/wp\/v2\/media?parent=200132"}],"wp:term":[{"taxonomy":"category","embeddable":true,"href":"http:\/\/sites.ecclesia.pt\/liturgia\/wp-json\/wp\/v2\/categories?post=200132"},{"taxonomy":"post_tag","embeddable":true,"href":"http:\/\/sites.ecclesia.pt\/liturgia\/wp-json\/wp\/v2\/tags?post=200132"}],"curies":[{"name":"wp","href":"https:\/\/api.w.org\/{rel}","templated":true}]}}