{"id":200138,"date":"2021-09-04T16:01:50","date_gmt":"2021-09-04T15:01:50","guid":{"rendered":"http:\/\/sites.ecclesia.pt\/liturgia\/?p=200138"},"modified":"2021-11-08T16:02:32","modified_gmt":"2021-11-08T16:02:32","slug":"ano-b-23-o-domingo-do-tempo-comum-dehonianos","status":"publish","type":"post","link":"http:\/\/sites.ecclesia.pt\/liturgia\/ano-b-23-o-domingo-do-tempo-comum-dehonianos\/","title":{"rendered":"Ano B &#8211; 23.\u00ba Domingo do Tempo Comum &#8211; Dehonianos"},"content":{"rendered":"<p><iframe loading=\"lazy\" title=\"Ano B - 23.\u00ba Domingo do Tempo Comum. Coment\u00e1rio do padre Manuel Barbosa, scj\" width=\"1080\" height=\"608\" src=\"https:\/\/www.youtube.com\/embed\/Qg-BvTLDsBk?feature=oembed\"  allow=\"accelerometer; autoplay; clipboard-write; encrypted-media; gyroscope; picture-in-picture\" allowfullscreen><\/iframe><\/p>\n<p><em>Abre-te!<\/em><\/p>\n<p><!--more--><\/p>\n<p>Neste 23.\u00ba Domingo do Tempo Comum, Deus revela-se em Jesus Cristo como fonte de vida nova e de felicidade para o ser humano.<\/p>\n<p>\u201cAbre-te!\u201d Esta palavra t\u00e3o simples de Jesus ao surdo-mudo no Evangelho de hoje \u00e9 plena de compromisso. Como diz o dicion\u00e1rio, abrir \u00e9 fazer com que o que est\u00e1 fechado n\u00e3o o fique mais. Uma evid\u00eancia cheia de consequ\u00eancias!<\/p>\n<p>Os Judeus de Jerusal\u00e9m tinham consci\u00eancia de serem o Povo eleito por Deus, um povo \u00e0 parte dos outros povos. Nem pensar em misturar-se com os outros povos, os pag\u00e3os, os estrangeiros!<\/p>\n<p>E eis que Jesus faz o contr\u00e1rio. Sai das fronteiras de Israel, vai junto dos pag\u00e3os, fazendo mesmo milagres em seu favor.<\/p>\n<p>\u00c9 o mundo ao contr\u00e1rio! Jesus n\u00e3o teme mesmo ter contacto f\u00edsico com este surdo-mudo, impuro aos olhos dos judeus fi\u00e9is. Antes de abrir os ouvidos do infeliz, \u00e9 Jesus que Se abre aos estrangeiros, tornando-Se um impuro aos olhos dos judeus.<\/p>\n<p>Evidentemente, \u00e9 muito arriscado, ainda hoje, abrir a porta e o cora\u00e7\u00e3o aos estrangeiros, aos emigrantes, aos refugiados, aos que s\u00e3o diferentes de n\u00f3s. Porque \u00e9 preciso olh\u00e1-los ultrapassando os preconceitos, aceitando outras maneiras de pensar e de viver.<\/p>\n<p>Aquele que segue Jesus n\u00e3o pode esquivar-se \u00e0 interroga\u00e7\u00e3o: como anda a minha abertura de cora\u00e7\u00e3o? Jesus quer sempre vir at\u00e9 mim, tocar os meus ouvidos para que eu ou\u00e7a melhor o grito dos meus irm\u00e3os em ang\u00fastia, tocar os meus olhos para que procure encontrar o olhar de Deus sobre os outros.<\/p>\n<p>A um visitante que lhe perguntava para que servia um Conc\u00edlio, Jo\u00e3o XXIII respondeu: \u201co Conc\u00edlio \u00e9 a janela aberta. Ou ainda, \u00e9 tirar a poeira e varrer a casa, p\u00f4r flores e abrir a porta dizendo a todos: Vinde e vede, aqui \u00e9 a casa do bom Deus!\u201d Bel\u00edssimas palavras de S\u00e3o Jo\u00e3o XXIII\u2026<\/p>\n<p>Na manh\u00e3 de P\u00e1scoa, houve uma abertura, quando a pedra que fechava o t\u00famulo de Jesus foi retirada. E j\u00e1 antes, tinha havido outra abertura, quando o soldado romano abriu o lado de Jesus com um golpe de lan\u00e7a.<\/p>\n<p>Estas duas aberturas nunca foram fechadas. Ao participar em cada Eucaristia, bebemos a \u00e1gua e o sangue que brotam de Jesus Cristo para que o seu grito seja eficaz tamb\u00e9m em n\u00f3s: \u201cEffata!\u201d \u201cAbre-te!\u201d<\/p>\n<p>A esta luz podemos acolher a mensagem da primeira leitura de Isa\u00edas: \u00abTende coragem, n\u00e3o temais. A\u00ed est\u00e1 o vosso Deus; vem para fazer justi\u00e7a e dar a recompensa; Ele pr\u00f3prio vem salvar-nos\u00bb. E tamb\u00e9m da segunda leitura de Tiago: \u00abA f\u00e9 em Nosso Senhor Jesus Cristo n\u00e3o deve admitir ace\u00e7\u00e3o de pessoas\u00bb.<\/p>\n<p>A Palavra de Deus convida-nos a crescer na f\u00e9 em Jesus Cristo, que s\u00f3 pode ser de abertura do nosso cora\u00e7\u00e3o ao Cora\u00e7\u00e3o de Deus e ao cora\u00e7\u00e3o dos irm\u00e3os.<\/p>\n<p><em>Manuel Barbosa, scj<\/em><br \/>\n<em><a href=\"http:\/\/www.dehonianos.org\">www.dehonianos.org<\/a><\/em><\/p>\n<p>&nbsp;<\/p>\n","protected":false},"excerpt":{"rendered":"<p>Abre-te!<\/p>\n","protected":false},"author":1,"featured_media":200140,"comment_status":"closed","ping_status":"closed","sticky":false,"template":"","format":"standard","meta":{"_et_pb_use_builder":"","_et_pb_old_content":"","_et_gb_content_width":"","footnotes":""},"categories":[106],"tags":[107],"class_list":["post-200138","post","type-post","status-publish","format-standard","has-post-thumbnail","hentry","category-b-tempo-comum","tag-dehonianos"],"_links":{"self":[{"href":"http:\/\/sites.ecclesia.pt\/liturgia\/wp-json\/wp\/v2\/posts\/200138","targetHints":{"allow":["GET"]}}],"collection":[{"href":"http:\/\/sites.ecclesia.pt\/liturgia\/wp-json\/wp\/v2\/posts"}],"about":[{"href":"http:\/\/sites.ecclesia.pt\/liturgia\/wp-json\/wp\/v2\/types\/post"}],"author":[{"embeddable":true,"href":"http:\/\/sites.ecclesia.pt\/liturgia\/wp-json\/wp\/v2\/users\/1"}],"replies":[{"embeddable":true,"href":"http:\/\/sites.ecclesia.pt\/liturgia\/wp-json\/wp\/v2\/comments?post=200138"}],"version-history":[{"count":1,"href":"http:\/\/sites.ecclesia.pt\/liturgia\/wp-json\/wp\/v2\/posts\/200138\/revisions"}],"predecessor-version":[{"id":200139,"href":"http:\/\/sites.ecclesia.pt\/liturgia\/wp-json\/wp\/v2\/posts\/200138\/revisions\/200139"}],"wp:featuredmedia":[{"embeddable":true,"href":"http:\/\/sites.ecclesia.pt\/liturgia\/wp-json\/wp\/v2\/media\/200140"}],"wp:attachment":[{"href":"http:\/\/sites.ecclesia.pt\/liturgia\/wp-json\/wp\/v2\/media?parent=200138"}],"wp:term":[{"taxonomy":"category","embeddable":true,"href":"http:\/\/sites.ecclesia.pt\/liturgia\/wp-json\/wp\/v2\/categories?post=200138"},{"taxonomy":"post_tag","embeddable":true,"href":"http:\/\/sites.ecclesia.pt\/liturgia\/wp-json\/wp\/v2\/tags?post=200138"}],"curies":[{"name":"wp","href":"https:\/\/api.w.org\/{rel}","templated":true}]}}