{"id":200141,"date":"2021-07-31T16:03:27","date_gmt":"2021-07-31T15:03:27","guid":{"rendered":"http:\/\/sites.ecclesia.pt\/liturgia\/?p=200141"},"modified":"2021-11-08T16:04:25","modified_gmt":"2021-11-08T16:04:25","slug":"ano-b-18o-domingo-do-tempo-comum-dehonianos","status":"publish","type":"post","link":"http:\/\/sites.ecclesia.pt\/liturgia\/ano-b-18o-domingo-do-tempo-comum-dehonianos\/","title":{"rendered":"Ano B &#8211; 18\u00ba Domingo do Tempo Comum &#8211; Dehonianos"},"content":{"rendered":"<p><iframe loading=\"lazy\" title=\"Ano B - 18.\u00ba Domingo do Tempo Comum. Coment\u00e1rio do padre Manuel Barbosa, scj\" width=\"1080\" height=\"608\" src=\"https:\/\/www.youtube.com\/embed\/ujDulq_6R8E?feature=oembed\"  allow=\"accelerometer; autoplay; clipboard-write; encrypted-media; gyroscope; picture-in-picture\" allowfullscreen><\/iframe><\/p>\n<p><em>Cristo \u00e9 o alimento do meu viver?<\/em><\/p>\n<p><!--more--><\/p>\n<p>A Palavra que nos \u00e9 servida neste 18.\u00ba Domingo do Tempo Comum diz-nos que Deus est\u00e1 empenhado em oferecer ao seu Povo o alimento que d\u00e1 a vida eterna e definitiva.<\/p>\n<p>A primeira leitura apresenta-nos Deus a oferecer o alimento que d\u00e1 vida, mesmo quando o Povo tem saudades das cebolas do Egipto, a tal tenta\u00e7\u00e3o daquilo que ficou para tr\u00e1s e n\u00e3o sacia plenamente.<\/p>\n<p>A segunda leitura diz-nos que o encontro com Cristo deve significar, para qualquer pessoa, uma mudan\u00e7a radical, um modo completamente diferente de se situar face a Deus, face aos irm\u00e3os, face a si pr\u00f3prio e face ao mundo criado. Isso \u00e9 deixar de ser homem velho e passar a ser homem novo.<\/p>\n<p>O Evangelho apresenta Jesus como o p\u00e3o da vida que desceu do c\u00e9u para dar vida ao mundo. Aos que O seguem, Jesus pede que aceitem esse p\u00e3o, que escutem as palavras que Ele diz e as acolham no cora\u00e7\u00e3o, que aceitem os seus valores e adiram \u00e0 sua proposta.<\/p>\n<p>O Evangelho questiona-nos ao afirmar que Jesus de Nazar\u00e9 \u00e9 o \u00abp\u00e3o de Deus que desce do c\u00e9u para dar a vida ao mundo\u00bb. Que lugar ocupa Jesus na nossa vida? Ele \u00e9, verdadeiramente, o centro em que constru\u00edmos a nossa exist\u00eancia? Jesus \u00e9 uma figura do passado, embora excecional, ou \u00e9 o Deus que continua vivo e a caminhar ao nosso lado, oferecendo-nos vida em plenitude? Jesus \u00e9 \u201cmais uma\u201d das nossas refer\u00eancias ao lado de tantas outras ou a nossa refer\u00eancia fundamental? \u00c9 algu\u00e9m a quem adoramos, que nos indica o caminho, que nos prop\u00f5e valores, que condiciona a nossa atitude face a Deus, face aos irm\u00e3os e face ao mundo?<\/p>\n<p>Jesus mostra-Se profundamente incomodado quando constata que a multid\u00e3o O procura pelas raz\u00f5es erradas. Ele n\u00e3o quer que as pessoas O sigam por engano ou estejam iludidas.<\/p>\n<p>H\u00e1 aqui um convite impl\u00edcito a repensarmos as raz\u00f5es pelas quais nos envolvemos com Cristo. \u00c9 um equ\u00edvoco procurar o Batismo porque \u00e9 uma tradi\u00e7\u00e3o da nossa cultura; \u00e9 um equ\u00edvoco celebrar o matrim\u00f3nio na Igreja porque, assim, a cerim\u00f3nia \u00e9 mais espetacular e at\u00e9 proporciona fotografias mais bonitas; \u00e9 um equ\u00edvoco assumir tarefas na comunidade crist\u00e3 para nos autopromovermos ou nos mostrarmos; \u00e9 um equ\u00edvoco receber o sacramento da Ordem porque o sacerd\u00f3cio nos proporciona uma vida c\u00f3moda e tranquila; \u00e9 um equ\u00edvoco praticarmos certos atos de piedade para que Jesus nos recompense e nos livre de desgra\u00e7as.<\/p>\n<p>A nossa ades\u00e3o a Jesus deve partir de uma profunda convic\u00e7\u00e3o de que s\u00f3 Ele \u00e9 o p\u00e3o que nos d\u00e1 vida. Que assim seja neste domingo de ver\u00e3o, vivido em tempo prop\u00edcio para o lazer, com os devidos cuidados a ter face \u00e0 pandemia. Tomemos Cristo como centro e verdadeiro alimento do nosso viver.<\/p>\n<p>&nbsp;<\/p>\n<p>Manuel Barbosa, scj<\/p>\n<p><a href=\"http:\/\/www.dehonianos.org\">www.dehonianos.org<\/a><\/p>\n","protected":false},"excerpt":{"rendered":"<p>Cristo \u00e9 o alimento do meu viver?<\/p>\n","protected":false},"author":1,"featured_media":200143,"comment_status":"closed","ping_status":"closed","sticky":false,"template":"","format":"standard","meta":{"_et_pb_use_builder":"","_et_pb_old_content":"","_et_gb_content_width":"","footnotes":""},"categories":[106],"tags":[107],"class_list":["post-200141","post","type-post","status-publish","format-standard","has-post-thumbnail","hentry","category-b-tempo-comum","tag-dehonianos"],"_links":{"self":[{"href":"http:\/\/sites.ecclesia.pt\/liturgia\/wp-json\/wp\/v2\/posts\/200141","targetHints":{"allow":["GET"]}}],"collection":[{"href":"http:\/\/sites.ecclesia.pt\/liturgia\/wp-json\/wp\/v2\/posts"}],"about":[{"href":"http:\/\/sites.ecclesia.pt\/liturgia\/wp-json\/wp\/v2\/types\/post"}],"author":[{"embeddable":true,"href":"http:\/\/sites.ecclesia.pt\/liturgia\/wp-json\/wp\/v2\/users\/1"}],"replies":[{"embeddable":true,"href":"http:\/\/sites.ecclesia.pt\/liturgia\/wp-json\/wp\/v2\/comments?post=200141"}],"version-history":[{"count":1,"href":"http:\/\/sites.ecclesia.pt\/liturgia\/wp-json\/wp\/v2\/posts\/200141\/revisions"}],"predecessor-version":[{"id":200142,"href":"http:\/\/sites.ecclesia.pt\/liturgia\/wp-json\/wp\/v2\/posts\/200141\/revisions\/200142"}],"wp:featuredmedia":[{"embeddable":true,"href":"http:\/\/sites.ecclesia.pt\/liturgia\/wp-json\/wp\/v2\/media\/200143"}],"wp:attachment":[{"href":"http:\/\/sites.ecclesia.pt\/liturgia\/wp-json\/wp\/v2\/media?parent=200141"}],"wp:term":[{"taxonomy":"category","embeddable":true,"href":"http:\/\/sites.ecclesia.pt\/liturgia\/wp-json\/wp\/v2\/categories?post=200141"},{"taxonomy":"post_tag","embeddable":true,"href":"http:\/\/sites.ecclesia.pt\/liturgia\/wp-json\/wp\/v2\/tags?post=200141"}],"curies":[{"name":"wp","href":"https:\/\/api.w.org\/{rel}","templated":true}]}}