{"id":200147,"date":"2022-05-10T12:04:24","date_gmt":"2022-05-10T11:04:24","guid":{"rendered":"https:\/\/sites.ecclesia.pt\/liturgia\/?p=200147"},"modified":"2022-05-10T12:07:21","modified_gmt":"2022-05-10T11:07:21","slug":"ano-c-01-o-domingo-da-pascoa-dehonianos","status":"publish","type":"post","link":"http:\/\/sites.ecclesia.pt\/liturgia\/ano-c-01-o-domingo-da-pascoa-dehonianos\/","title":{"rendered":"Ano C &#8211; 01.\u00ba Domingo da P\u00e1scoa &#8211; Dehonianos"},"content":{"rendered":"<p><iframe loading=\"lazy\" title=\"Ano C \u2013 Domingo da P\u00e1scoa da Ressurrei\u00e7\u00e3o do Senhor. Coment\u00e1rio do padre Manuel Barbosa, scj\" width=\"1080\" height=\"608\" src=\"https:\/\/www.youtube.com\/embed\/DnRcj0GHEAg?feature=oembed\"  allow=\"accelerometer; autoplay; clipboard-write; encrypted-media; gyroscope; picture-in-picture\" allowfullscreen><\/iframe><\/p>\n<p><em>Ver e acreditar que Cristo est\u00e1 vivo<\/em><\/p>\n<p><!--more--><\/p>\n<p>\u201cLevaram o Senhor do sepulcro e n\u00e3o sabemos onde O puseram\u201d. No Evangelho deste Domingo de P\u00e1scoa, Maria Madalena experimenta o vazio: n\u00e3o h\u00e1 nada, nem mesmo o cad\u00e1ver do seu Senhor muito amado. Ela n\u00e3o tinha nada a que se agarrar para fazer o luto. Sabemos bem como \u00e9 mais dolorosa a morte de um ente querido quando o seu corpo desapareceu, quando n\u00e3o h\u00e1 t\u00famulo onde se possa ir em recolhimento, como acontece em tempo de pandemia e de guerra.<\/p>\n<p>A Igreja n\u00e3o cessa de repetir que Jesus est\u00e1 vivo, vencedor da morte para sempre. Todos os anos se multiplicam aleluias. Mas ressoa em n\u00f3s a constata\u00e7\u00e3o dos disc\u00edpulos de Ema\u00fas, ao dizerem ao desconhecido, que se lhes juntou no caminho, que n\u00e3o tinham visto o Senhor.<\/p>\n<p>Paulo grita: \u00abOnde est\u00e1, \u00f3 morte, a tua vit\u00f3ria?\u00bb A nossa experi\u00eancia poder\u00e1 perguntar: \u00abRessurrei\u00e7\u00e3o de Cristo, onde est\u00e1 a tua vit\u00f3ria?\u00bb<\/p>\n<p>Apesar do primeiro an\u00fancio \u00abJesus n\u00e3o est\u00e1 aqui, ressuscitou!\u00bb, a morte continuou obstinadamente a sua a\u00e7\u00e3o de trevas, com os seus fi\u00e9is ac\u00f3litos: doen\u00e7as, l\u00e1grimas, desesperos, viol\u00eancias, injusti\u00e7as, atentados, guerras\u2026<\/p>\n<p>Continuamos a entoar nas nossas igrejas: \u00abAleluia! \u00c9 primavera! Cristo veio de novo!\u00bb Vemos a primavera, mas nem sempre vemos Jesus. Aqui est\u00e1 a dificuldade e a pedra angular da nossa f\u00e9.<\/p>\n<p>Dificuldade, porque a Ressurrei\u00e7\u00e3o de Jesus n\u00e3o faz parte da ordem da demonstra\u00e7\u00e3o cient\u00edfica. Ficamos encerrados nos limites do tempo, mas Jesus saiu desses limites, Ele est\u00e1 para al\u00e9m do nosso olhar vis\u00edvel.<\/p>\n<p>A Ressurrei\u00e7\u00e3o \u00e9, ao mesmo tempo, a pedra angular da nossa f\u00e9 porque, como o disc\u00edpulo que Jesus amava, somos convidados a entrar no t\u00famulo, a fazer primeiro a experi\u00eancia do vazio, para podermos ir mais longe, como o disc\u00edpulo que viu e acreditou. Da\u00ed a import\u00e2ncia do s\u00e1bado santo, tempo de longo sil\u00eancio e passagem para a vida nova no Ressuscitado.<\/p>\n<p>Podemos apoiar-nos e confiar no testemunho das mulheres e dos disc\u00edpulos. Tamb\u00e9m eles tiveram que acreditar. A sua f\u00e9 \u00e9 essencial para enraizarmos a nossa f\u00e9 em Cristo Ressuscitado.<\/p>\n<p>Como os disc\u00edpulos, procuremos ver e acreditar que Cristo est\u00e1 vivo, sem correr atr\u00e1s do maravilhoso que sempre nos escapa e dececiona.<\/p>\n<p>Durante o tempo pascal, a exemplo de Jo\u00e3o, exercitemos o nosso olhar para descobrir o Ressuscitado atrav\u00e9s dos sinais humildes da vida quotidiana.<\/p>\n<p>Como os disc\u00edpulos de Ema\u00fas, procuremos descobri-lo a caminhar perto de n\u00f3s na peregrina\u00e7\u00e3o da vida e a abrir os nossos esp\u00edritos \u00e0 compreens\u00e3o das Escrituras.<\/p>\n<p>Que a P\u00e1scoa de Jesus Cristo ressuscitado seja a nossa alegria! Sejamos felizes em tempo pascal!<\/p>\n<p><em>Manuel Barbosa, scj<\/em><br \/>\n<em><a href=\"http:\/\/www.dehonianos.org\">www.dehonianos.org<\/a><\/em><\/p>\n<p>&nbsp;<\/p>\n","protected":false},"excerpt":{"rendered":"<p>Ver e acreditar que Cristo est\u00e1 vivo<\/p>\n","protected":false},"author":1,"featured_media":200149,"comment_status":"closed","ping_status":"closed","sticky":false,"template":"","format":"standard","meta":{"_et_pb_use_builder":"","_et_pb_old_content":"","_et_gb_content_width":"","footnotes":""},"categories":[117],"tags":[107],"class_list":["post-200147","post","type-post","status-publish","format-standard","has-post-thumbnail","hentry","category-c-pascoa","tag-dehonianos"],"_links":{"self":[{"href":"http:\/\/sites.ecclesia.pt\/liturgia\/wp-json\/wp\/v2\/posts\/200147","targetHints":{"allow":["GET"]}}],"collection":[{"href":"http:\/\/sites.ecclesia.pt\/liturgia\/wp-json\/wp\/v2\/posts"}],"about":[{"href":"http:\/\/sites.ecclesia.pt\/liturgia\/wp-json\/wp\/v2\/types\/post"}],"author":[{"embeddable":true,"href":"http:\/\/sites.ecclesia.pt\/liturgia\/wp-json\/wp\/v2\/users\/1"}],"replies":[{"embeddable":true,"href":"http:\/\/sites.ecclesia.pt\/liturgia\/wp-json\/wp\/v2\/comments?post=200147"}],"version-history":[{"count":2,"href":"http:\/\/sites.ecclesia.pt\/liturgia\/wp-json\/wp\/v2\/posts\/200147\/revisions"}],"predecessor-version":[{"id":200159,"href":"http:\/\/sites.ecclesia.pt\/liturgia\/wp-json\/wp\/v2\/posts\/200147\/revisions\/200159"}],"wp:featuredmedia":[{"embeddable":true,"href":"http:\/\/sites.ecclesia.pt\/liturgia\/wp-json\/wp\/v2\/media\/200149"}],"wp:attachment":[{"href":"http:\/\/sites.ecclesia.pt\/liturgia\/wp-json\/wp\/v2\/media?parent=200147"}],"wp:term":[{"taxonomy":"category","embeddable":true,"href":"http:\/\/sites.ecclesia.pt\/liturgia\/wp-json\/wp\/v2\/categories?post=200147"},{"taxonomy":"post_tag","embeddable":true,"href":"http:\/\/sites.ecclesia.pt\/liturgia\/wp-json\/wp\/v2\/tags?post=200147"}],"curies":[{"name":"wp","href":"https:\/\/api.w.org\/{rel}","templated":true}]}}