{"id":200153,"date":"2022-05-10T12:05:56","date_gmt":"2022-05-10T11:05:56","guid":{"rendered":"https:\/\/sites.ecclesia.pt\/liturgia\/?p=200153"},"modified":"2022-05-10T12:07:42","modified_gmt":"2022-05-10T11:07:42","slug":"ano-c-03-o-domingo-da-pascoa-dehonianos","status":"publish","type":"post","link":"http:\/\/sites.ecclesia.pt\/liturgia\/ano-c-03-o-domingo-da-pascoa-dehonianos\/","title":{"rendered":"Ano C &#8211; 03.\u00ba Domingo da P\u00e1scoa &#8211; Dehonianos"},"content":{"rendered":"<p><iframe loading=\"lazy\" title=\"Ano C - 3.\u00ba Domingo de P\u00e1scoa. Coment\u00e1rio do padre Manuel Barbosa, scj\" width=\"1080\" height=\"608\" src=\"https:\/\/www.youtube.com\/embed\/pQ25kOzrCqA?feature=oembed\"  allow=\"accelerometer; autoplay; clipboard-write; encrypted-media; gyroscope; picture-in-picture\" allowfullscreen><\/iframe><\/p>\n<p><em>Confiss\u00e3o de f\u00e9 e vida de amor no quotidiano<\/em><\/p>\n<p><!--more--><\/p>\n<p>A comunidade crist\u00e3, vivificada e orientada por Jesus Cristo ressuscitado, tem por miss\u00e3o crer, testemunhar e concretizar o seu projeto libertador. A\u00ed est\u00e1 a mensagem principal do Evangelho deste terceiro domingo do tempo pascal.<\/p>\n<p>Em linguagem simb\u00f3lica, o evangelista Jo\u00e3o apresenta uma par\u00e1bola sobre a miss\u00e3o da comunidade. Os disc\u00edpulos s\u00e3o sete, representando a totalidade da Igreja, empenhada na miss\u00e3o e aberta a todos os povos e na\u00e7\u00f5es.<\/p>\n<p>A comunidade \u00e9 apresentada a pescar, sinal de que procura libertar todas as pessoas que vivem mergulhadas no mar do sofrimento e da escravid\u00e3o, sob a iniciativa de Pedro que preside \u00e0 miss\u00e3o e \u00e0 anima\u00e7\u00e3o da Igreja primitiva.<\/p>\n<p>A pesca \u00e9 feita durante a noite, tempo das trevas e da escurid\u00e3o, na aus\u00eancia de Jesus, o que leva a a\u00e7\u00e3o dos disc\u00edpulos ao fracasso. A chegada da manh\u00e3, plena de luz, coincide com a presen\u00e7a de Jesus, luz do mundo.<\/p>\n<p>Jesus n\u00e3o est\u00e1 no barco, est\u00e1 em terra. Significa que n\u00e3o acompanha os disc\u00edpulos na pesca, mas exerce a sua a\u00e7\u00e3o no mundo por meio dos disc\u00edpulos. A presen\u00e7a viva do Senhor ressuscitado \u00e9 a raz\u00e3o de ser do \u00eaxito da pesca abundante, da miss\u00e3o da comunidade.<\/p>\n<p>Jo\u00e3o, o disc\u00edpulo amado sempre pr\u00f3ximo e em sintonia com Jesus, experimenta de forma intensa o amor de Jesus. S\u00f3 quem faz essa experi\u00eancia \u00e9 capaz de ler os sinais que identificam Jesus e perceber a sua fecunda presen\u00e7a de amor.<\/p>\n<p>Os p\u00e3es com que Jesus acolhe os disc\u00edpulos em terra s\u00e3o sinal do amor, do servi\u00e7o, da solicitude de Jesus pela sua comunidade: uma alus\u00e3o \u00e0 Eucaristia, ao p\u00e3o que Jesus oferece, \u00e0 vida com que Ele continua a alimentar a comunidade em miss\u00e3o.<\/p>\n<p>Depois, contrariando as nega\u00e7\u00f5es anteriores e manifestando a sua ades\u00e3o de vida, Pedro confessa por tr\u00eas vezes o seu amor a Jesus. \u00c9 convidado a perceber que, na comunidade de Jesus, o valor fundamental \u00e9 o amor e a entrega da vida. N\u00e3o existe verdadeira ades\u00e3o a Jesus, se n\u00e3o estivermos dispostos a seguir esse caminho.<\/p>\n<p>Ao mesmo tempo, Jesus confia a Pedro a miss\u00e3o de presidir e animar a comunidade. Mas convida-o tamb\u00e9m a perceber onde \u00e9 que reside, na comunidade crist\u00e3, a verdadeira fonte da autoridade: s\u00f3 quem ama muito e aceita a l\u00f3gica do servi\u00e7o e da doa\u00e7\u00e3o da vida poder\u00e1 presidir \u00e0 comunidade de Jesus.<\/p>\n<p>\u00c0 maneira de Pedro, a nossa f\u00e9 s\u00f3 pode ser uma confiss\u00e3o de amor a Jesus vivo e ressuscitado em n\u00f3s. Procuremos intensificar, em n\u00f3s e nas nossas comunidades, a viv\u00eancia renovada desta confiss\u00e3o de f\u00e9 como disc\u00edpulos mission\u00e1rios de Jesus Cristo, confiss\u00e3o que s\u00f3 pode ser verdadeiramente uma hist\u00f3ria de amor, celebrada e vivida no quotidiano das nossas exist\u00eancias.<\/p>\n<p><em>Manuel Barbosa, scj<\/em><br \/>\n<em>www.dehonianos.org<\/em><\/p>\n<p>&nbsp;<\/p>\n","protected":false},"excerpt":{"rendered":"<p>Confiss\u00e3o de f\u00e9 e vida de amor no quotidiano<\/p>\n","protected":false},"author":1,"featured_media":200155,"comment_status":"closed","ping_status":"closed","sticky":false,"template":"","format":"standard","meta":{"_et_pb_use_builder":"","_et_pb_old_content":"","_et_gb_content_width":"","footnotes":""},"categories":[117],"tags":[107],"class_list":["post-200153","post","type-post","status-publish","format-standard","has-post-thumbnail","hentry","category-c-pascoa","tag-dehonianos"],"_links":{"self":[{"href":"http:\/\/sites.ecclesia.pt\/liturgia\/wp-json\/wp\/v2\/posts\/200153","targetHints":{"allow":["GET"]}}],"collection":[{"href":"http:\/\/sites.ecclesia.pt\/liturgia\/wp-json\/wp\/v2\/posts"}],"about":[{"href":"http:\/\/sites.ecclesia.pt\/liturgia\/wp-json\/wp\/v2\/types\/post"}],"author":[{"embeddable":true,"href":"http:\/\/sites.ecclesia.pt\/liturgia\/wp-json\/wp\/v2\/users\/1"}],"replies":[{"embeddable":true,"href":"http:\/\/sites.ecclesia.pt\/liturgia\/wp-json\/wp\/v2\/comments?post=200153"}],"version-history":[{"count":2,"href":"http:\/\/sites.ecclesia.pt\/liturgia\/wp-json\/wp\/v2\/posts\/200153\/revisions"}],"predecessor-version":[{"id":200161,"href":"http:\/\/sites.ecclesia.pt\/liturgia\/wp-json\/wp\/v2\/posts\/200153\/revisions\/200161"}],"wp:featuredmedia":[{"embeddable":true,"href":"http:\/\/sites.ecclesia.pt\/liturgia\/wp-json\/wp\/v2\/media\/200155"}],"wp:attachment":[{"href":"http:\/\/sites.ecclesia.pt\/liturgia\/wp-json\/wp\/v2\/media?parent=200153"}],"wp:term":[{"taxonomy":"category","embeddable":true,"href":"http:\/\/sites.ecclesia.pt\/liturgia\/wp-json\/wp\/v2\/categories?post=200153"},{"taxonomy":"post_tag","embeddable":true,"href":"http:\/\/sites.ecclesia.pt\/liturgia\/wp-json\/wp\/v2\/tags?post=200153"}],"curies":[{"name":"wp","href":"https:\/\/api.w.org\/{rel}","templated":true}]}}