{"id":91514,"date":"2018-01-13T18:41:52","date_gmt":"2018-01-13T18:41:52","guid":{"rendered":"http:\/\/www.agencia.ecclesia.pt\/portal\/?p=91514"},"modified":"2020-03-12T17:40:37","modified_gmt":"2020-03-12T17:40:37","slug":"ano-b-02o-domingo-do-tempo-comum-dehonianos","status":"publish","type":"post","link":"http:\/\/sites.ecclesia.pt\/liturgia\/ano-b-02o-domingo-do-tempo-comum-dehonianos\/","title":{"rendered":"Ano B &#8211; 02.\u00ba Domingo do Tempo Comum &#8211; Dehonianos"},"content":{"rendered":"<p><iframe loading=\"lazy\" title=\"02.\u00ba Domingo do Tempo Comum . Ano B\" width=\"1080\" height=\"608\" src=\"https:\/\/www.youtube.com\/embed\/XEtwQBElM_o?feature=oembed\" frameborder=\"0\" allow=\"accelerometer; autoplay; encrypted-media; gyroscope; picture-in-picture\" allowfullscreen><\/iframe><\/p>\n<p>Coment\u00e1rio do padre Manuel Barbosa, scj<\/p>\n<p><!--more--><\/p>\n<p>&nbsp;<\/p>\n<h3>Seguir Cristo, renovar a voca\u00e7\u00e3o<\/h3>\n<p>As leituras deste Segundo Domingo do Tempo Comum fazem-nos refletir sobre a nossa voca\u00e7\u00e3o, a nossa disponibilidade para acolher o chamamento de Deus no seguimento de Jesus Cristo.<\/p>\n<p>O chamamento \u00e9 sempre uma iniciativa de Deus, que vem ao encontro da pessoa e a chama pelo nome, como se nota na hist\u00f3ria do chamamento de Samuel, na primeira leitura. Na segunda leitura, Paulo convida os crist\u00e3os de Corinto a viver de forma coerente o chamamento que Deus lhes fez.<\/p>\n<p>Segundo o Evangelho, o disc\u00edpulo de Jesus \u00e9 aquele que \u00e9 capaz de reconhecer o Messias libertador no Cristo que passa, que est\u00e1 dispon\u00edvel para O seguir no caminho do amor e da entrega, que aceita o convite de Jesus para entrar na sua casa e para viver em comunh\u00e3o com Ele, que \u00e9 capaz de O testemunhar e anunciar aos irm\u00e3os.<\/p>\n<p>O Evangelho deste domingo diz-nos, pois, que ser crist\u00e3o \u00e9 simplesmente acolher o chamamento de Deus para seguir Jesus Cristo. Sugere tamb\u00e9m que essa ades\u00e3o s\u00f3 pode ser radical e absoluta, sem meias tintas nem hesita\u00e7\u00f5es.<\/p>\n<p>Os dois primeiros disc\u00edpulos, Andr\u00e9 e Sim\u00e3o Pedro, n\u00e3o discutiram o ordenado que iam ganhar, se a aventura tinha futuro ou estava condenada ao fracasso, se o abandono de um mestre (Jo\u00e3o Batista) para seguir outro (Jesus) representava uma promo\u00e7\u00e3o ou uma despromo\u00e7\u00e3o, se o que deixavam para tr\u00e1s era importante ou n\u00e3o.<\/p>\n<p>Simplesmente seguiram Jesus, sem garantias nem condi\u00e7\u00f5es, sem explica\u00e7\u00f5es sup\u00e9rfluas nem seguros de vida, sem se preocuparem em salvaguardar o futuro se a aventura n\u00e3o desse certo. A aventura da voca\u00e7\u00e3o \u00e9 sempre um salto decidido e sereno para os bra\u00e7os de Deus.<\/p>\n<p>A hist\u00f3ria da voca\u00e7\u00e3o de Andr\u00e9 e do seu irm\u00e3o Sim\u00e3o mostra ainda a import\u00e2ncia do papel dos irm\u00e3os da comunidade na descoberta de Jesus. Os desafios de Deus ecoam, tantas vezes, na nossa vida atrav\u00e9s dos irm\u00e3os que nos rodeiam, das suas indica\u00e7\u00f5es, da partilha que eles fazem connosco, dispondo o nosso cora\u00e7\u00e3o para reconhecer e seguir Jesus.<\/p>\n<p>O encontro com Jesus, numa procura constante da sua Pessoa, nunca \u00e9 um caminho fechado e pessoal sem consequ\u00eancias comunit\u00e1rias. Acolher o chamamento de Deus significa assumir, em todos os momentos e circunst\u00e2ncias, comportamentos coerentes com a nossa op\u00e7\u00e3o por Cristo e pelo Evangelho.<\/p>\n<p>\u201cEncontr\u00e1mos o Messias\u201d! Tal deve ser o an\u00fancio alegre de quem fez uma verdadeira experi\u00eancia de vida nova e verdadeira, e anseia por levar os irm\u00e3os a uma descoberta semelhante.<\/p>\n<p>Que este dinamismo de renova\u00e7\u00e3o da nossa voca\u00e7\u00e3o seja vivido na comunh\u00e3o com todos os que fazem da sua vida um aut\u00eantico seguimento de Jesus Cristo, de modo particular ao longo desta semana em que se inicia o oitav\u00e1rio de ora\u00e7\u00f5es pela unidade dos crist\u00e3os.<\/p>\n<p>&nbsp;<\/p>\n<p><em>Manuel Barbosa, scj<\/em><br \/>\n<em>www.dehonianos.org<\/em><\/p>\n<p>&nbsp;<\/p>\n","protected":false},"excerpt":{"rendered":"<p>Coment\u00e1rio do padre Manuel Barbosa, scj<\/p>\n","protected":false},"author":1,"featured_media":162880,"comment_status":"open","ping_status":"open","sticky":false,"template":"","format":"standard","meta":{"_et_pb_use_builder":"","_et_pb_old_content":"","_et_gb_content_width":"","footnotes":""},"categories":[106],"tags":[107],"class_list":["post-91514","post","type-post","status-publish","format-standard","has-post-thumbnail","hentry","category-b-tempo-comum","tag-dehonianos"],"_links":{"self":[{"href":"http:\/\/sites.ecclesia.pt\/liturgia\/wp-json\/wp\/v2\/posts\/91514","targetHints":{"allow":["GET"]}}],"collection":[{"href":"http:\/\/sites.ecclesia.pt\/liturgia\/wp-json\/wp\/v2\/posts"}],"about":[{"href":"http:\/\/sites.ecclesia.pt\/liturgia\/wp-json\/wp\/v2\/types\/post"}],"author":[{"embeddable":true,"href":"http:\/\/sites.ecclesia.pt\/liturgia\/wp-json\/wp\/v2\/users\/1"}],"replies":[{"embeddable":true,"href":"http:\/\/sites.ecclesia.pt\/liturgia\/wp-json\/wp\/v2\/comments?post=91514"}],"version-history":[{"count":5,"href":"http:\/\/sites.ecclesia.pt\/liturgia\/wp-json\/wp\/v2\/posts\/91514\/revisions"}],"predecessor-version":[{"id":164159,"href":"http:\/\/sites.ecclesia.pt\/liturgia\/wp-json\/wp\/v2\/posts\/91514\/revisions\/164159"}],"wp:featuredmedia":[{"embeddable":true,"href":"http:\/\/sites.ecclesia.pt\/liturgia\/wp-json\/wp\/v2\/media\/162880"}],"wp:attachment":[{"href":"http:\/\/sites.ecclesia.pt\/liturgia\/wp-json\/wp\/v2\/media?parent=91514"}],"wp:term":[{"taxonomy":"category","embeddable":true,"href":"http:\/\/sites.ecclesia.pt\/liturgia\/wp-json\/wp\/v2\/categories?post=91514"},{"taxonomy":"post_tag","embeddable":true,"href":"http:\/\/sites.ecclesia.pt\/liturgia\/wp-json\/wp\/v2\/tags?post=91514"}],"curies":[{"name":"wp","href":"https:\/\/api.w.org\/{rel}","templated":true}]}}