{"id":10089,"date":"2007-06-28T16:10:00","date_gmt":"2007-06-28T16:10:00","guid":{"rendered":"http:\/\/localhost:81\/wp1\/?p=10089"},"modified":"2007-06-28T16:10:00","modified_gmt":"2007-06-28T16:10:00","slug":"morte-e-vida","status":"publish","type":"post","link":"https:\/\/sites.ecclesia.pt\/cv\/morte-e-vida\/","title":{"rendered":"Morte e vida"},"content":{"rendered":"<p>Dias Positivos <!--more--> De entre os filmes que a 7\u00aa arte tem produzido sobre Jesus Cristo, o \u201cJesus de Montreal\u201d \u00e9 dos menos falados. Talvez seja o mais at\u00edpico. Na cidade canadiana de Montreal, um grupo de jovens teatraliza a vida de Jesus Cristo. A encena\u00e7\u00e3o \u00e9 pretexto para debates teol\u00f3gicos sobre a hist\u00f3ria e o sentido da vida do Salvador. Acontece que o jovem protagonista tem um acidente e morre. A trag\u00e9dia abre, no entanto, esperan\u00e7a para outras pessoas. Recebem \u00f3rg\u00e3os do jovem e podem recome\u00e7ar a viver. Morte, d\u00e1diva e vida. H\u00e1 algo de ressurrei\u00e7\u00e3o nisso.<\/p>\n<p>Na mesma cidade, no dia 13 de Setembro de 2006, uma jovem descendente de a\u00e7orianos foi assassinada por um estudante canadiano, no col\u00e9gio pr\u00e9-universit\u00e1rio que ambos frequentavam. S\u00f3 ela morreu, num tiroteio que feriu 19 pessoas. A jovem chamava-se Anastasia de Sousa. Ora, na semana passada, o governo da prov\u00edncia do Quebeque aprovou uma lei que pro\u00edbe o porte de arma nos estabelecimentos de ensino e nos transportes p\u00fablicos, entre outras restri\u00e7\u00f5es. Chamou-lhe \u201cLei Anastasia\u201d, em mem\u00f3ria da luso-descendente.<\/p>\n<p>A sua morte n\u00e3o ter\u00e1 sido em v\u00e3o, se evitar a de outros. Mais uma vez, encontramos o padr\u00e3o \u201cmorte, d\u00e1diva e vida\u201d, com um pormenor n\u00e3o menos revelador: \u201cAnastasia\u201d (Anast\u00e1cia) quer dizer, em grego, como saber\u00e1 quem gosta de desenterrar a raiz das palavras, \u201cressurrei\u00e7\u00e3o\u201d. <\/p>\n<p>J.P.F.<\/p>\n","protected":false},"excerpt":{"rendered":"<p>Dias Positivos<\/p>\n","protected":false},"author":1,"featured_media":0,"comment_status":"open","ping_status":"open","sticky":false,"template":"","format":"standard","meta":{"footnotes":""},"categories":[62],"tags":[],"class_list":["post-10089","post","type-post","status-publish","format-standard","hentry","category-opiniao"],"_links":{"self":[{"href":"https:\/\/sites.ecclesia.pt\/cv\/wp-json\/wp\/v2\/posts\/10089","targetHints":{"allow":["GET"]}}],"collection":[{"href":"https:\/\/sites.ecclesia.pt\/cv\/wp-json\/wp\/v2\/posts"}],"about":[{"href":"https:\/\/sites.ecclesia.pt\/cv\/wp-json\/wp\/v2\/types\/post"}],"author":[{"embeddable":true,"href":"https:\/\/sites.ecclesia.pt\/cv\/wp-json\/wp\/v2\/users\/1"}],"replies":[{"embeddable":true,"href":"https:\/\/sites.ecclesia.pt\/cv\/wp-json\/wp\/v2\/comments?post=10089"}],"version-history":[{"count":0,"href":"https:\/\/sites.ecclesia.pt\/cv\/wp-json\/wp\/v2\/posts\/10089\/revisions"}],"wp:attachment":[{"href":"https:\/\/sites.ecclesia.pt\/cv\/wp-json\/wp\/v2\/media?parent=10089"}],"wp:term":[{"taxonomy":"category","embeddable":true,"href":"https:\/\/sites.ecclesia.pt\/cv\/wp-json\/wp\/v2\/categories?post=10089"},{"taxonomy":"post_tag","embeddable":true,"href":"https:\/\/sites.ecclesia.pt\/cv\/wp-json\/wp\/v2\/tags?post=10089"}],"curies":[{"name":"wp","href":"https:\/\/api.w.org\/{rel}","templated":true}]}}